  {"id":10389,"date":"2017-08-03T12:58:28","date_gmt":"2017-08-03T16:58:28","guid":{"rendered":"http:\/\/www.un.org\/sustainabledevelopment\/es\/?p=10389"},"modified":"2017-11-13T15:59:56","modified_gmt":"2017-11-13T20:59:56","slug":"los-precios-de-los-alimentos-a-nivel-mundial-suben-por-tercer-mes-consecutivo","status":"publish","type":"post","link":"https:\/\/www.un.org\/sustainabledevelopment\/es\/2017\/08\/los-precios-de-los-alimentos-a-nivel-mundial-suben-por-tercer-mes-consecutivo\/","title":{"rendered":"Los precios de los alimentos a nivel mundial suben por tercer mes consecutivo"},"content":{"rendered":"<p> Los precios mundiales de los alimentos subieron por tercer mes consecutivo en julio debido al incremento del valor de los cereales, el az\u00facar y los productos l\u00e1cteos, inform\u00f3 este jueves el Fondo de la ONU para la Alimentaci\u00f3n y la Agricultura (FAO).<\/p>\n<p>El \u00cdndice de Precios de los Alimentos de la FAO alcanz\u00f3 un promedio de 179,1 puntos en julio, un aumento del 5,1% en comparaci\u00f3n con el mes anterior y el valor m\u00e1s alto desde enero de 2015.<\/p>\n<p>Los precios del trigo subieron debido a las altas temperaturas y la escasez de lluvia, que afectaron las cosechas de primavera en Norteam\u00e9rica, mientras que la insuficiencia estacional caus\u00f3 el aumento del precio del arroz.<\/p>\n<p>Los productos l\u00e1cteos subieron un 3,6% por la reducci\u00f3n de las exportaciones de mantequilla y un incremento de los precios del queso y la leche en polvo.<\/p>\n<p>El valor del az\u00facar aument\u00f3 un 5,2%, su primer incremento desde el comienzo del a\u00f1o. La valorizaci\u00f3n del real brasile\u00f1o fue el principal motivo del repunte.<\/p>\n<p>El \u00edndice de precios de la carne se mantuvo estable, mientras que el de los aceites vegetales cay\u00f3 un 1,1%. <\/p>\n<p><a href=\"http:\/\/www.un.org\/spanish\/News\/story.asp?NewsID=37809#.WYns1FGQyUk\" title=\"Los precios de los alimentos a nivel mundial suben por tercer mes consecutivo\">Noticias ONU<\/a><\/p>\n","protected":false},"excerpt":{"rendered":"<p>Los precios mundiales de los alimentos subieron por tercer mes  [&#8230;]<\/p>\n","protected":false},"author":34,"featured_media":10393,"comment_status":"closed","ping_status":"closed","sticky":false,"template":"","format":"standard","meta":{"_et_pb_use_builder":"","_et_pb_old_content":"","_et_gb_content_width":"","footnotes":""},"categories":[12],"tags":[],"class_list":["post-10389","post","type-post","status-publish","format-standard","has-post-thumbnail","hentry","category-hunger"],"_links":{"self":[{"href":"https:\/\/www.un.org\/sustainabledevelopment\/es\/wp-json\/wp\/v2\/posts\/10389","targetHints":{"allow":["GET"]}}],"collection":[{"href":"https:\/\/www.un.org\/sustainabledevelopment\/es\/wp-json\/wp\/v2\/posts"}],"about":[{"href":"https:\/\/www.un.org\/sustainabledevelopment\/es\/wp-json\/wp\/v2\/types\/post"}],"author":[{"embeddable":true,"href":"https:\/\/www.un.org\/sustainabledevelopment\/es\/wp-json\/wp\/v2\/users\/34"}],"replies":[{"embeddable":true,"href":"https:\/\/www.un.org\/sustainabledevelopment\/es\/wp-json\/wp\/v2\/comments?post=10389"}],"version-history":[{"count":0,"href":"https:\/\/www.un.org\/sustainabledevelopment\/es\/wp-json\/wp\/v2\/posts\/10389\/revisions"}],"wp:featuredmedia":[{"embeddable":true,"href":"https:\/\/www.un.org\/sustainabledevelopment\/es\/wp-json\/wp\/v2\/media\/10393"}],"wp:attachment":[{"href":"https:\/\/www.un.org\/sustainabledevelopment\/es\/wp-json\/wp\/v2\/media?parent=10389"}],"wp:term":[{"taxonomy":"category","embeddable":true,"href":"https:\/\/www.un.org\/sustainabledevelopment\/es\/wp-json\/wp\/v2\/categories?post=10389"},{"taxonomy":"post_tag","embeddable":true,"href":"https:\/\/www.un.org\/sustainabledevelopment\/es\/wp-json\/wp\/v2\/tags?post=10389"}],"curies":[{"name":"wp","href":"https:\/\/api.w.org\/{rel}","templated":true}]}}