  {"id":10490,"date":"2017-08-16T11:58:39","date_gmt":"2017-08-16T15:58:39","guid":{"rendered":"http:\/\/www.un.org\/sustainabledevelopment\/es\/?p=10490"},"modified":"2017-11-13T15:59:51","modified_gmt":"2017-11-13T20:59:51","slug":"el-racismo-la-xenofobia-el-antisemitismo-y-la-islamofobia-envenenan-nuestras-sociedades-guterres","status":"publish","type":"post","link":"https:\/\/www.un.org\/sustainabledevelopment\/es\/2017\/08\/el-racismo-la-xenofobia-el-antisemitismo-y-la-islamofobia-envenenan-nuestras-sociedades-guterres\/","title":{"rendered":"El racismo, la xenofobia, el antisemitismo y la islamofobia envenenan nuestras sociedades: Guterres"},"content":{"rendered":"<p>El Secretario General de la ONU asever\u00f3 hoy que el racismo, la xenofobia, el antisemitismo y la islamofobia envenenan nuestras sociedades, por lo que es necesario combatirlos en todo momento y en todo lugar.<\/p>\n<p>Durante un encuentro con la prensa en la sede de Naciones Unidas en Nueva York, se pidi\u00f3 a Ant\u00f3nio Guterres su opini\u00f3n sobre los incidentes de violencia ocurridos en una marcha de supremacistas blancos el s\u00e1bado pasado en Charlottesville, Virginia, y sobre la respuesta del presidente de Estados Unidos a ese evento.<\/p>\n<p>Guterres respondi\u00f3 que su papel no es comentar sobre las declaraciones de ning\u00fan presidente, sino afirmar princ\u00edpios y valores como la tolerancia, el respeto por los dem\u00e1s y el reconocimiento de la diversidad.<\/p>\n<p>\u201cApegarse a estos valores y, al mismo tiempo, condenar todas las formas sin sentido que la socaven es esencial en nuestros tiempos, ya sea en Estados Unidos o en cualquier parte del mundo. Desafortunadamente, estos demonios est\u00e1n apareciendo un poco en todas partes\u201d, puntualiz\u00f3.<\/p>\n<p>Por otra parte, al ser inquirido sobre si recibe presiones de Estados Unidos para abstenerse de hacer declaraciones p\u00fablicas, afirm\u00f3 que no existe ning\u00fan tipo de presi\u00f3n por parte de Estado alguno.<\/p>\n<p>\u201cNo hay nada que tenga influencia en m\u00ed para no afirmar los valores centrales de la Carta <div class=\"fusion-fullwidth fullwidth-box fusion-builder-row-1 hundred-percent-fullwidth non-hundred-percent-height-scrolling\" style=\"--awb-border-radius-top-left:0px;--awb-border-radius-top-right:0px;--awb-border-radius-bottom-right:0px;--awb-border-radius-bottom-left:0px;--awb-overflow:visible;--awb-flex-wrap:wrap;\" ><div class=\"fusion-builder-row fusion-row\"><div class=\"fusion-layout-column fusion_builder_column fusion-builder-column-0 fusion_builder_column_1_1 1_1 fusion-one-full fusion-column-first fusion-column-last fusion-column-no-min-height\" style=\"--awb-bg-size:cover;--awb-margin-bottom:0px;\"><div class=\"fusion-column-wrapper fusion-flex-column-wrapper-legacy\">[de las Naciones Unidas] ni de los valores esenciales de nuestra civilizaci\u00f3n com\u00fan. Y cuando sea necesario, dir\u00e9 lo que crea que haga falta independientemente de que pueda o no gustarle al presidente de \u00e9ste o de cualquier otro pa\u00eds\u201d, enfatiz\u00f3 el Secretario General. <\/p>\n<p><a href=\"http:\/\/www.un.org\/spanish\/News\/story.asp?NewsID=37878\" title=\"El racismo, la xenofobia, el antisemitismo y la islamofobia envenenan nuestras sociedades: Guterres\">Noticias ONU<\/a><div class=\"fusion-clearfix\"><\/div><\/div><\/div><\/div><\/div><\/p>\n","protected":false},"excerpt":{"rendered":"<p>El Secretario General de la ONU asever\u00f3 hoy que el  [&#8230;]<\/p>\n","protected":false},"author":34,"featured_media":10495,"comment_status":"closed","ping_status":"closed","sticky":false,"template":"","format":"standard","meta":{"_et_pb_use_builder":"","_et_pb_old_content":"","_et_gb_content_width":"","footnotes":""},"categories":[13,31],"tags":[],"class_list":["post-10490","post","type-post","status-publish","format-standard","has-post-thumbnail","hentry","category-inequality","category-secretario-general"],"_links":{"self":[{"href":"https:\/\/www.un.org\/sustainabledevelopment\/es\/wp-json\/wp\/v2\/posts\/10490","targetHints":{"allow":["GET"]}}],"collection":[{"href":"https:\/\/www.un.org\/sustainabledevelopment\/es\/wp-json\/wp\/v2\/posts"}],"about":[{"href":"https:\/\/www.un.org\/sustainabledevelopment\/es\/wp-json\/wp\/v2\/types\/post"}],"author":[{"embeddable":true,"href":"https:\/\/www.un.org\/sustainabledevelopment\/es\/wp-json\/wp\/v2\/users\/34"}],"replies":[{"embeddable":true,"href":"https:\/\/www.un.org\/sustainabledevelopment\/es\/wp-json\/wp\/v2\/comments?post=10490"}],"version-history":[{"count":0,"href":"https:\/\/www.un.org\/sustainabledevelopment\/es\/wp-json\/wp\/v2\/posts\/10490\/revisions"}],"wp:featuredmedia":[{"embeddable":true,"href":"https:\/\/www.un.org\/sustainabledevelopment\/es\/wp-json\/wp\/v2\/media\/10495"}],"wp:attachment":[{"href":"https:\/\/www.un.org\/sustainabledevelopment\/es\/wp-json\/wp\/v2\/media?parent=10490"}],"wp:term":[{"taxonomy":"category","embeddable":true,"href":"https:\/\/www.un.org\/sustainabledevelopment\/es\/wp-json\/wp\/v2\/categories?post=10490"},{"taxonomy":"post_tag","embeddable":true,"href":"https:\/\/www.un.org\/sustainabledevelopment\/es\/wp-json\/wp\/v2\/tags?post=10490"}],"curies":[{"name":"wp","href":"https:\/\/api.w.org\/{rel}","templated":true}]}}