  {"id":10505,"date":"2017-08-16T12:07:39","date_gmt":"2017-08-16T16:07:39","guid":{"rendered":"http:\/\/www.un.org\/sustainabledevelopment\/es\/?p=10505"},"modified":"2017-11-13T15:59:51","modified_gmt":"2017-11-13T20:59:51","slug":"el-racismo-y-la-xenofobia-estan-en-aumento-en-estados-unidos-advierten-expertos-de-la-onu","status":"publish","type":"post","link":"https:\/\/www.un.org\/sustainabledevelopment\/es\/2017\/08\/el-racismo-y-la-xenofobia-estan-en-aumento-en-estados-unidos-advierten-expertos-de-la-onu\/","title":{"rendered":"El racismo y la xenofobia est\u00e1n en aumento en Estados Unidos, advierten expertos de la ONU"},"content":{"rendered":"<p>El racismo y la xenofobia est\u00e1n en aumento en todo Estados Unidos, advirti\u00f3 un grupo de expertos en derechos humanos de la ONU este mi\u00e9rcoles tras las manifestaciones de extrema derecha y la violencia registrada en Charlottesville, Virginia.<\/p>\n<p>\u201cEstamos indignados por la violencia en Charlottesville y por el odio racial que muestran los extremistas de derecha, los supremacistas blancos y los grupos neonazis\u201d, aseguraron los expertos en una declaraci\u00f3n conjunta.<\/p>\n<p>A\u00f1adieron que el gobierno estadounidense debe intensificar su labor para abordar el problema de las manifestaciones de incitaci\u00f3n a la violencia racial e hicieron un llamado a adoptar pol\u00edticas efectivas para condenar y controlar los actos y discursos de odio.<\/p>\n<p>\u201cEl gobierno debe estar alerta en la lucha contra todos los actos de racismo, xenofobia y violencia racista dondequiera que se produzcan. Incidentes recientes en California, Oreg\u00f3n, Nueva Orleans y Kentucky, as\u00ed como Charlottesville, demuestran la extensi\u00f3n geogr\u00e1fica del problema\u201d, resaltaron los expertos.<\/p>\n<p>Por su parte el Secretario General de la ONU, Ant\u00f3nio Guterres, asegur\u00f3 que el racismo, la xenofobia, el antisemitismo y la islamofobia envenan las sociedades.<\/p>\n<p>\u201cDebemos combatirlo siempre, en cualquier lugar\u201d, expres\u00f3 el titular de Naciones Unidas en un tweet de su cuenta oficial. <\/p>\n<p><a href=\"http:\/\/www.un.org\/spanish\/News\/story.asp?NewsID=37876\" title=\"El racismo y la xenofobia est\u00e1n en aumento en Estados Unidos, advierten expertos de la ONU\">Noticias ONU<\/a><\/p>\n","protected":false},"excerpt":{"rendered":"<p>El racismo y la xenofobia est\u00e1n en aumento en todo  [&#8230;]<\/p>\n","protected":false},"author":34,"featured_media":10510,"comment_status":"closed","ping_status":"closed","sticky":false,"template":"","format":"standard","meta":{"_et_pb_use_builder":"","_et_pb_old_content":"","_et_gb_content_width":"","footnotes":""},"categories":[13],"tags":[],"class_list":["post-10505","post","type-post","status-publish","format-standard","has-post-thumbnail","hentry","category-inequality"],"_links":{"self":[{"href":"https:\/\/www.un.org\/sustainabledevelopment\/es\/wp-json\/wp\/v2\/posts\/10505","targetHints":{"allow":["GET"]}}],"collection":[{"href":"https:\/\/www.un.org\/sustainabledevelopment\/es\/wp-json\/wp\/v2\/posts"}],"about":[{"href":"https:\/\/www.un.org\/sustainabledevelopment\/es\/wp-json\/wp\/v2\/types\/post"}],"author":[{"embeddable":true,"href":"https:\/\/www.un.org\/sustainabledevelopment\/es\/wp-json\/wp\/v2\/users\/34"}],"replies":[{"embeddable":true,"href":"https:\/\/www.un.org\/sustainabledevelopment\/es\/wp-json\/wp\/v2\/comments?post=10505"}],"version-history":[{"count":0,"href":"https:\/\/www.un.org\/sustainabledevelopment\/es\/wp-json\/wp\/v2\/posts\/10505\/revisions"}],"wp:featuredmedia":[{"embeddable":true,"href":"https:\/\/www.un.org\/sustainabledevelopment\/es\/wp-json\/wp\/v2\/media\/10510"}],"wp:attachment":[{"href":"https:\/\/www.un.org\/sustainabledevelopment\/es\/wp-json\/wp\/v2\/media?parent=10505"}],"wp:term":[{"taxonomy":"category","embeddable":true,"href":"https:\/\/www.un.org\/sustainabledevelopment\/es\/wp-json\/wp\/v2\/categories?post=10505"},{"taxonomy":"post_tag","embeddable":true,"href":"https:\/\/www.un.org\/sustainabledevelopment\/es\/wp-json\/wp\/v2\/tags?post=10505"}],"curies":[{"name":"wp","href":"https:\/\/api.w.org\/{rel}","templated":true}]}}