  {"id":10523,"date":"2017-08-25T15:46:38","date_gmt":"2017-08-25T19:46:38","guid":{"rendered":"http:\/\/www.un.org\/sustainabledevelopment\/es\/?p=10523"},"modified":"2017-11-13T15:59:49","modified_gmt":"2017-11-13T20:59:49","slug":"la-temporada-de-huracanes-en-el-atlantico-norte-podria-ser-una-de-las-mas-activas-en-anos-advierte-la-omm","status":"publish","type":"post","link":"https:\/\/www.un.org\/sustainabledevelopment\/es\/2017\/08\/la-temporada-de-huracanes-en-el-atlantico-norte-podria-ser-una-de-las-mas-activas-en-anos-advierte-la-omm\/","title":{"rendered":"La temporada de huracanes en el Atl\u00e1ntico Norte podr\u00eda ser una de las m\u00e1s activas en a\u00f1os, advierte la OMM"},"content":{"rendered":"<p>La temporada de huracanes de 2017 en la regi\u00f3n del Atl\u00e1ntico Norte podr\u00eda ser una de las m\u00e1s activas en a\u00f1os, aseguraron meteor\u00f3logos de Naciones Unidas.<\/p>\n<p>La advertencia hecha por la Organizaci\u00f3n Meteorol\u00f3gica Mundial (OMM) este viernes en Ginebra sigue a la publicaci\u00f3n de una predicci\u00f3n actualizada de expertos de la Administraci\u00f3n Nacional Oce\u00e1nica y Atmosf\u00e9rica de Estados Unidos.<\/p>\n<p>En este momento, Texas se encuentra en alerta ante la r\u00e1pida intensificaci\u00f3n del hurac\u00e1n Harvey en el centro del Golfo de M\u00e9xico, cuya trayectoria se dirige hacia la ciudad de Corpus Christi, adonde podr\u00eda llegar esta noche o la madrugada del s\u00e1bado con vientos de hasta 180 kil\u00f3metros por hora.<\/p>\n<p>Se prev\u00e9 que la tormenta se fortalezca m\u00e1s y se convierta en el primer hurac\u00e1n de categor\u00eda 3 en tocar tierra en Estados Unidos desde 2008 y que provoque niveles mortales de lluvia y mareas.<\/p>\n<p>\u00abUna advertencia de oleaje de tormenta est\u00e1 en efecto para la costa de Texas. Un fen\u00f3meno que amenaza la vida de los ciudadanos con olas hasta de 5,6 metros sobre el nivel del suelo\u00bb, declar\u00f3 la portavoz de la OMM en Ginebra, Clare Nullis.<\/p>\n<p>Mientras tanto, en la regi\u00f3n del Pac\u00edfico, la OMM asegur\u00f3 que el tif\u00f3n Hato dej\u00f3 15 personas muertas en China. <\/p>\n<p><a title=\"La temporada de huracanes en el Atl\u00e1ntico Norte podr\u00eda ser una de las m\u00e1s activas en a\u00f1os, advierte la OMM\" href=\"http:\/\/www.un.org\/spanish\/News\/story.asp?NewsID=37929#.WaB8TMaQyUk\">Noticias ONU<\/a><\/p>\n","protected":false},"excerpt":{"rendered":"<p>La temporada de huracanes de 2017 en la regi\u00f3n del  [&#8230;]<\/p>\n","protected":false},"author":34,"featured_media":10531,"comment_status":"closed","ping_status":"closed","sticky":false,"template":"","format":"standard","meta":{"_et_pb_use_builder":"","_et_pb_old_content":"","_et_gb_content_width":"","footnotes":""},"categories":[5],"tags":[],"class_list":["post-10523","post","type-post","status-publish","format-standard","has-post-thumbnail","hentry","category-climate-change"],"_links":{"self":[{"href":"https:\/\/www.un.org\/sustainabledevelopment\/es\/wp-json\/wp\/v2\/posts\/10523","targetHints":{"allow":["GET"]}}],"collection":[{"href":"https:\/\/www.un.org\/sustainabledevelopment\/es\/wp-json\/wp\/v2\/posts"}],"about":[{"href":"https:\/\/www.un.org\/sustainabledevelopment\/es\/wp-json\/wp\/v2\/types\/post"}],"author":[{"embeddable":true,"href":"https:\/\/www.un.org\/sustainabledevelopment\/es\/wp-json\/wp\/v2\/users\/34"}],"replies":[{"embeddable":true,"href":"https:\/\/www.un.org\/sustainabledevelopment\/es\/wp-json\/wp\/v2\/comments?post=10523"}],"version-history":[{"count":0,"href":"https:\/\/www.un.org\/sustainabledevelopment\/es\/wp-json\/wp\/v2\/posts\/10523\/revisions"}],"wp:featuredmedia":[{"embeddable":true,"href":"https:\/\/www.un.org\/sustainabledevelopment\/es\/wp-json\/wp\/v2\/media\/10531"}],"wp:attachment":[{"href":"https:\/\/www.un.org\/sustainabledevelopment\/es\/wp-json\/wp\/v2\/media?parent=10523"}],"wp:term":[{"taxonomy":"category","embeddable":true,"href":"https:\/\/www.un.org\/sustainabledevelopment\/es\/wp-json\/wp\/v2\/categories?post=10523"},{"taxonomy":"post_tag","embeddable":true,"href":"https:\/\/www.un.org\/sustainabledevelopment\/es\/wp-json\/wp\/v2\/tags?post=10523"}],"curies":[{"name":"wp","href":"https:\/\/api.w.org\/{rel}","templated":true}]}}