  {"id":10621,"date":"2017-09-05T09:41:07","date_gmt":"2017-09-05T13:41:07","guid":{"rendered":"http:\/\/www.un.org\/sustainabledevelopment\/es\/?p=10621"},"modified":"2017-11-13T15:59:46","modified_gmt":"2017-11-13T20:59:46","slug":"diecisiete-adolescentes-latinoamericanos-fueron-elegidos-para-luchar-contra-la-pobreza-infantil","status":"publish","type":"post","link":"https:\/\/www.un.org\/sustainabledevelopment\/es\/2017\/09\/diecisiete-adolescentes-latinoamericanos-fueron-elegidos-para-luchar-contra-la-pobreza-infantil\/","title":{"rendered":"Diecisiete adolescentes latinoamericanos fueron elegidos para luchar contra la pobreza infantil"},"content":{"rendered":"<p>J\u00f3venes de once pa\u00edses de Am\u00e9rica Latina y el Caribe participar\u00e1n en la segunda versi\u00f3n del concurso juvenil \u201cConcausa\u201d, una iniciativa que busca identificar y difundir propuestas que apunten a la eliminaci\u00f3n de la pobreza infantil de la regi\u00f3n, con miras a alcanzar la Agenda 2030 para el Desarrollo Sostenible.<\/p>\n<p>Los proyectos de 17 j\u00f3venes de entre 15 y 17 a\u00f1os, fueron seleccionados entre 341 solicitantes. Los ganadores viajar\u00e1n a Santiago de Chile para participar en un encuentro formativo que se realizar\u00e1 entre el 25 de noviembre y el 1 de diciembre de 2017.<\/p>\n<p>El concurso es organizado por Am\u00e9rica Solidaria, la Comisi\u00f3n Econ\u00f3mica para Am\u00e9rica Latina y el Caribe (CEPAL) y la Oficina del Fondo de Naciones Unidas para la Infancia (Ä¢¹½ÊÓÆµICEF) en Chile.<\/p>\n<p>\u201cEl poder crear una red de j\u00f3venes que se comprometan con los Objetivos de Desarrollo Sostenible, que adopten la Agenda 2030 como su propia agenda, como su ruta de camino, es lo que busca la CEPAL\u201d, afirm\u00f3 en un comunicado Alicia B\u00e1rcena, Secretaria Ejecutiva de la CEPAL.<\/p>\n<p>B\u00e1rcena agreg\u00f3 que los j\u00f3venes participantes son \u201crebeldes con causa\u201d y eso es lo que se est\u00e1 buscando: \u201cla rebeld\u00eda frente a un modelo de desarrollo que no nos ofrece lo que necesitamos, pero con una causa que consiste en mayor igualdad y mayor sostenibilidad\u201d.<\/p>\n<p>El encuentro en Santiago en Chile culminar\u00e1 con una ceremonia en la sede regional de la CEPAL, donde los j\u00f3venes dar\u00e1n a conocer sus proyectos.<\/p>\n<p><a href=\"http:\/\/www.un.org\/spanish\/News\/story.asp?NewsID=37986\" title=\"Diecisiete adolescentes latinoamericanos fueron elegidos para luchar contra la pobreza infantil\">Noticias ONU<\/a><\/p>\n","protected":false},"excerpt":{"rendered":"<p>J\u00f3venes de once pa\u00edses de Am\u00e9rica Latina y el Caribe  [&#8230;]<\/p>\n","protected":false},"author":34,"featured_media":10629,"comment_status":"closed","ping_status":"closed","sticky":false,"template":"","format":"standard","meta":{"_et_pb_use_builder":"","_et_pb_old_content":"","_et_gb_content_width":"","footnotes":""},"categories":[20],"tags":[],"class_list":["post-10621","post","type-post","status-publish","format-standard","has-post-thumbnail","hentry","category-poverty"],"_links":{"self":[{"href":"https:\/\/www.un.org\/sustainabledevelopment\/es\/wp-json\/wp\/v2\/posts\/10621","targetHints":{"allow":["GET"]}}],"collection":[{"href":"https:\/\/www.un.org\/sustainabledevelopment\/es\/wp-json\/wp\/v2\/posts"}],"about":[{"href":"https:\/\/www.un.org\/sustainabledevelopment\/es\/wp-json\/wp\/v2\/types\/post"}],"author":[{"embeddable":true,"href":"https:\/\/www.un.org\/sustainabledevelopment\/es\/wp-json\/wp\/v2\/users\/34"}],"replies":[{"embeddable":true,"href":"https:\/\/www.un.org\/sustainabledevelopment\/es\/wp-json\/wp\/v2\/comments?post=10621"}],"version-history":[{"count":0,"href":"https:\/\/www.un.org\/sustainabledevelopment\/es\/wp-json\/wp\/v2\/posts\/10621\/revisions"}],"wp:featuredmedia":[{"embeddable":true,"href":"https:\/\/www.un.org\/sustainabledevelopment\/es\/wp-json\/wp\/v2\/media\/10629"}],"wp:attachment":[{"href":"https:\/\/www.un.org\/sustainabledevelopment\/es\/wp-json\/wp\/v2\/media?parent=10621"}],"wp:term":[{"taxonomy":"category","embeddable":true,"href":"https:\/\/www.un.org\/sustainabledevelopment\/es\/wp-json\/wp\/v2\/categories?post=10621"},{"taxonomy":"post_tag","embeddable":true,"href":"https:\/\/www.un.org\/sustainabledevelopment\/es\/wp-json\/wp\/v2\/tags?post=10621"}],"curies":[{"name":"wp","href":"https:\/\/api.w.org\/{rel}","templated":true}]}}