  {"id":10661,"date":"2017-09-07T11:24:30","date_gmt":"2017-09-07T15:24:30","guid":{"rendered":"http:\/\/www.un.org\/sustainabledevelopment\/es\/?p=10661"},"modified":"2017-11-13T15:59:45","modified_gmt":"2017-11-13T20:59:45","slug":"la-pobreza-y-la-marginalizacion-y-no-la-religion-llevan-a-los-jovenes-africanos-al-extremismo","status":"publish","type":"post","link":"https:\/\/www.un.org\/sustainabledevelopment\/es\/2017\/09\/la-pobreza-y-la-marginalizacion-y-no-la-religion-llevan-a-los-jovenes-africanos-al-extremismo\/","title":{"rendered":"La pobreza y la marginalizaci\u00f3n, y no la religi\u00f3n, llevan a los j\u00f3venes africanos al extremismo"},"content":{"rendered":"<p>La pobreza, la marginalizaci\u00f3n y el mal gobierno, y no la ideolog\u00eda religiosa, son las principales causas de que j\u00f3venes africanos se unan a grupos extremistas, asegura un nuevo estudio del Programa de las Naciones Unidas para el Desarrollo (PNUD).<\/p>\n<p>En base a entrevistas con 495 reclutas voluntarios de organizaciones extremistas como Al-Shabaab y Boko Haram, el informe del PNUD asegura adem\u00e1s que la violencia y el abuso de poder son los motivos claves para que los j\u00f3venes tomen la decisi\u00f3n final de unirse a estos grupos.<\/p>\n<p>El estudio, presentado este jueves en la sede de la ONU en Nueva York, encontr\u00f3 que contrario a lo que se piensa, aquellos con mayor alfabetizaci\u00f3n religiosa son menos propensos a recurrir al extremismo.<br \/>\nPara el PNUD este informe representa una alarma de que la vulnerabilidad de \u00c1frica al extremismo violento se est\u00e1 profundizando y que depende de los Estados prestar servicios a sus ciudadanos y respetar sus derechos humanos para apaciguar esta situaci\u00f3n.<\/p>\n<p>\u201cEl reporte ilustra que donde el contrato social es d\u00e9bil, donde la confianza de los ciudadanos en las instituciones es limitada, donde la relaci\u00f3n dentro y entre comunidades est\u00e1 fracturada, la resistencia al extremismo es baja. Esto requiere establecer una forma de gobernanza que sea inclusiva y participativa, especialmente a nivel comunitario\u201d, declar\u00f3 Abdoulaye Mar Dieye, el director del PNUD para \u00c1frica.<\/p>\n<p>Dieye, agreg\u00f3 que m\u00e1s de la mitad de la poblaci\u00f3n en \u00c1frica que vive fuera de las ciudades est\u00e1 por debajo de la l\u00ednea es pobreza y muchos j\u00f3venes est\u00e1n desempleados por lo que hay una necesidad urgente de enfrentar los desaf\u00edos de seguridad de la regi\u00f3n con un enfoque de desarrollo a trav\u00e9s del fortalecimiento de instituciones y la creaci\u00f3n de un camino hacia el empoderamiento econ\u00f3mico.<\/p>\n<p>Entre 2011 y 2016, al menos 33.000 personas en \u00c1frica han muerto a causa de ataques de extremistas violentos . Solamente las operaciones de Boko Haram se han cobrado la vida de 17.000 y desplazado a 2.8 millones de personas en el Lago Chad. El extremismo ha afectado el turismo y la inversi\u00f3n extranjera de pa\u00edses como Kenya y Nigeria.<\/p>\n<p><a href=\"http:\/\/www.un.org\/spanish\/News\/story.asp?NewsID=37997\" title=\"La pobreza y la marginalizaci\u00f3n, y no la religi\u00f3n, llevan a los j\u00f3venes africanos al extremismo\">Noticias ONU<\/a><\/p>\n","protected":false},"excerpt":{"rendered":"<p>La pobreza, la marginalizaci\u00f3n y el mal gobierno, y no  [&#8230;]<\/p>\n","protected":false},"author":34,"featured_media":10665,"comment_status":"closed","ping_status":"closed","sticky":false,"template":"","format":"standard","meta":{"_et_pb_use_builder":"","_et_pb_old_content":"","_et_gb_content_width":"","footnotes":""},"categories":[20],"tags":[],"class_list":["post-10661","post","type-post","status-publish","format-standard","has-post-thumbnail","hentry","category-poverty"],"_links":{"self":[{"href":"https:\/\/www.un.org\/sustainabledevelopment\/es\/wp-json\/wp\/v2\/posts\/10661","targetHints":{"allow":["GET"]}}],"collection":[{"href":"https:\/\/www.un.org\/sustainabledevelopment\/es\/wp-json\/wp\/v2\/posts"}],"about":[{"href":"https:\/\/www.un.org\/sustainabledevelopment\/es\/wp-json\/wp\/v2\/types\/post"}],"author":[{"embeddable":true,"href":"https:\/\/www.un.org\/sustainabledevelopment\/es\/wp-json\/wp\/v2\/users\/34"}],"replies":[{"embeddable":true,"href":"https:\/\/www.un.org\/sustainabledevelopment\/es\/wp-json\/wp\/v2\/comments?post=10661"}],"version-history":[{"count":0,"href":"https:\/\/www.un.org\/sustainabledevelopment\/es\/wp-json\/wp\/v2\/posts\/10661\/revisions"}],"wp:featuredmedia":[{"embeddable":true,"href":"https:\/\/www.un.org\/sustainabledevelopment\/es\/wp-json\/wp\/v2\/media\/10665"}],"wp:attachment":[{"href":"https:\/\/www.un.org\/sustainabledevelopment\/es\/wp-json\/wp\/v2\/media?parent=10661"}],"wp:term":[{"taxonomy":"category","embeddable":true,"href":"https:\/\/www.un.org\/sustainabledevelopment\/es\/wp-json\/wp\/v2\/categories?post=10661"},{"taxonomy":"post_tag","embeddable":true,"href":"https:\/\/www.un.org\/sustainabledevelopment\/es\/wp-json\/wp\/v2\/tags?post=10661"}],"curies":[{"name":"wp","href":"https:\/\/api.w.org\/{rel}","templated":true}]}}