  {"id":10847,"date":"2017-09-18T11:16:37","date_gmt":"2017-09-18T15:16:37","guid":{"rendered":"http:\/\/www.un.org\/sustainabledevelopment\/es\/?p=10847"},"modified":"2017-11-13T15:59:43","modified_gmt":"2017-11-13T20:59:43","slug":"guterres-es-necesario-incrementar-las-ambiciones-del-acuerdo-de-paris-y-mantener-su-ruta-indica-guterres","status":"publish","type":"post","link":"https:\/\/www.un.org\/sustainabledevelopment\/es\/2017\/09\/guterres-es-necesario-incrementar-las-ambiciones-del-acuerdo-de-paris-y-mantener-su-ruta-indica-guterres\/","title":{"rendered":"Guterres: Es necesario incrementar las ambiciones del Acuerdo de Par\u00eds y mantener su ruta, indica Guterres"},"content":{"rendered":"<p>El Secretario General de la ONU record\u00f3 hoy que desde 2008 unos 20 millones de personas se han visto desplazadas por fen\u00f3menos clim\u00e1ticos extremos y subray\u00f3 la importancia de tomar medidas inmediatas ante la gravedad que supone el calentamiento global del planeta.<\/p>\n<p>\u201cEl cambio clim\u00e1tico no es un problema lejano para las generaciones futuras. Sucede aqu\u00ed, ahora y tenemos que ocuparnos de \u00e9l\u201d, indic\u00f3 Ant\u00f3nio Guterres.<\/p>\n<p>Durante un evento de alto nivel sobre cambio clim\u00e1tico con expertos en la materia, en el marco del 72\u00ba periodo de sesiones de la Asamblea General, Guterres subray\u00f3 que es necesario enfrentarse a un reto mayor: aumentar la ambici\u00f3n del Acuerdo Clim\u00e1tico de Par\u00eds y mantener su hoja de ruta.<\/p>\n<p>El titular de la ONU destac\u00f3 que los gobiernos no pueden enfrentarse solos al desaf\u00edo que supone el cambio clim\u00e1tico y remarc\u00f3 que las contribuciones fijadas a nivel nacional en el acuerdo de Par\u00eds son insuficientes.<\/p>\n<p>A continuaci\u00f3n, enumer\u00f3 una serie de iniciativas en diversas partes del mundo para combatir el calentamiento global, lideradas tanto por el sector p\u00fablico como el privado.<\/p>\n<p>Ante esta perspectiva, Guterres llam\u00f3 a los asistentes al evento a transformar y revertir la actual situaci\u00f3n a trav\u00e9s de tres \u00e1reas de inter\u00e9s.<\/p>\n<p>La primera, incrementar y profundizar su papel en materia medioambiental; la segunda, eliminar las barreras a la movilidad econ\u00f3mica y crear proyectos viables y, finalmente, incrementar los esfuerzos en sectores como el tecnol\u00f3gico o la transici\u00f3n energ\u00e9tica a energ\u00edas verdes.<\/p>\n<p>Finalmente, indic\u00f3 que espera que la Cumbre Clim\u00e1tica prevista para el a\u00f1o 2019 forje alianzas a\u00fan m\u00e1s estrechas entre los gobiernos y las empresas para aplicar el Acuerdo de Par\u00eds.<\/p>\n<p>&nbsp;<\/p>\n<p><a title=\"Guterres: Es necesario incrementar las ambiciones del Acuerdo de Par\u00eds y mantener su ruta, indica Guterres\" href=\"http:\/\/www.un.org\/spanish\/News\/story.asp?NewsID=38054\">Noticias ONU<\/a><\/p>\n","protected":false},"excerpt":{"rendered":"<p>El Secretario General de la ONU record\u00f3 hoy que desde  [&#8230;]<\/p>\n","protected":false},"author":245,"featured_media":10851,"comment_status":"closed","ping_status":"closed","sticky":false,"template":"","format":"standard","meta":{"_et_pb_use_builder":"","_et_pb_old_content":"","_et_gb_content_width":"","footnotes":""},"categories":[5],"tags":[],"class_list":["post-10847","post","type-post","status-publish","format-standard","has-post-thumbnail","hentry","category-climate-change"],"_links":{"self":[{"href":"https:\/\/www.un.org\/sustainabledevelopment\/es\/wp-json\/wp\/v2\/posts\/10847","targetHints":{"allow":["GET"]}}],"collection":[{"href":"https:\/\/www.un.org\/sustainabledevelopment\/es\/wp-json\/wp\/v2\/posts"}],"about":[{"href":"https:\/\/www.un.org\/sustainabledevelopment\/es\/wp-json\/wp\/v2\/types\/post"}],"author":[{"embeddable":true,"href":"https:\/\/www.un.org\/sustainabledevelopment\/es\/wp-json\/wp\/v2\/users\/245"}],"replies":[{"embeddable":true,"href":"https:\/\/www.un.org\/sustainabledevelopment\/es\/wp-json\/wp\/v2\/comments?post=10847"}],"version-history":[{"count":0,"href":"https:\/\/www.un.org\/sustainabledevelopment\/es\/wp-json\/wp\/v2\/posts\/10847\/revisions"}],"wp:featuredmedia":[{"embeddable":true,"href":"https:\/\/www.un.org\/sustainabledevelopment\/es\/wp-json\/wp\/v2\/media\/10851"}],"wp:attachment":[{"href":"https:\/\/www.un.org\/sustainabledevelopment\/es\/wp-json\/wp\/v2\/media?parent=10847"}],"wp:term":[{"taxonomy":"category","embeddable":true,"href":"https:\/\/www.un.org\/sustainabledevelopment\/es\/wp-json\/wp\/v2\/categories?post=10847"},{"taxonomy":"post_tag","embeddable":true,"href":"https:\/\/www.un.org\/sustainabledevelopment\/es\/wp-json\/wp\/v2\/tags?post=10847"}],"curies":[{"name":"wp","href":"https:\/\/api.w.org\/{rel}","templated":true}]}}