  {"id":10863,"date":"2017-09-19T11:47:36","date_gmt":"2017-09-19T15:47:36","guid":{"rendered":"http:\/\/www.un.org\/sustainabledevelopment\/es\/?p=10863"},"modified":"2017-11-13T15:59:42","modified_gmt":"2017-11-13T20:59:42","slug":"costa-rica-presentara-resolucion-para-declarar-el-decenio-de-la-agricultura-familiar","status":"publish","type":"post","link":"https:\/\/www.un.org\/sustainabledevelopment\/es\/2017\/09\/costa-rica-presentara-resolucion-para-declarar-el-decenio-de-la-agricultura-familiar\/","title":{"rendered":"Costa Rica presentar\u00e1 resoluci\u00f3n para declarar el Decenio de la Agricultura Familiar"},"content":{"rendered":"<p>El presidente de Costa Rica, Luis Guillermo Sol\u00eds, enfatiz\u00f3 hoy el papel esencial de la agricultura familiar para el desarrollo sostenible de los pa\u00edses y anunci\u00f3 que copatrocinar\u00e1 una resoluci\u00f3n para declarar una d\u00e9cada dedicada a apoyar esa actividad econ\u00f3mica.<\/p>\n<p>La agricultura familiar es la base de la producci\u00f3n sostenible de alimentos, de la gesti\u00f3n ambiental del territorio rural y marino donde se desarrolla, as\u00ed como de su biodiversidad, que es fuente de manifestaciones culturales importantes de cada pueblo, dijo el mandatario al pleno de la Asamblea General de la ONU.<\/p>\n<p>Sol\u00eds agreg\u00f3 que ese tipo de agricultura es un pilar fundamental del desarrollo integral de las naciones.<\/p>\n<p>\u201cEn tal sentido, junto con un grupo de pa\u00edses de diferentes partes del mundo, Costa Rica tendr\u00e1 el honor de presentar durante este periodo de sesiones una resoluci\u00f3n para Declarar el Decenio de la Agricultura Familiar 2019-2028\u201d, adelant\u00f3.<\/p>\n<p>El presidente costarricense record\u00f3 que la agricultura familiar es la fuente principal de ingresos del 70% de la poblaci\u00f3n rural pobre del mundo, que representa al 40% de los habitantes de la Tierra.<\/p>\n<p>Agreg\u00f3 que las granjas peque\u00f1as producen el 80% de los alimentos que se consumen en los pa\u00edses en desarrollo y, en muchos casos, como el de Costa Rica, es la base del desarrollo.<\/p>\n<p>Por otra parte, Sol\u00eds reafirm\u00f3 la aspiraci\u00f3n de su pa\u00eds de encaminar la econom\u00eda hacia fuentes de energ\u00eda limpias para eliminar las emisiones de carb\u00f3n.<\/p>\n<p>El mandatario costarricense afirm\u00f3 que la humanidad tiene la responsabilidad \u00e9tica de mejorar la interacci\u00f3n entre las sociedades y la naturaleza e inst\u00f3 a los pa\u00edses a adoptar posturas m\u00e1s ambiciosas con respecto a la conservaci\u00f3n del medio ambiente y el combate al cambio clim\u00e1tico.<\/p>\n<p>Sol\u00eds asever\u00f3 que esas acciones deben entenderse como el derecho de todos los seres humanos y de las futuras generaciones a vivir en un entorno saludable y de equilibrio ecol\u00f3gico.<\/p>\n<p>&nbsp;<\/p>\n<p><a title=\"Costa Rica presentar\u00e1 resoluci\u00f3n para declarar el Decenio de la Agricultura Familiar\" href=\"http:\/\/www.un.org\/spanish\/News\/story.asp?NewsID=38071\">Noticias ONU<\/a><\/p>\n","protected":false},"excerpt":{"rendered":"<p>El presidente de Costa Rica, Luis Guillermo Sol\u00eds, enfatiz\u00f3 hoy  [&#8230;]<\/p>\n","protected":false},"author":245,"featured_media":10867,"comment_status":"closed","ping_status":"closed","sticky":false,"template":"","format":"standard","meta":{"_et_pb_use_builder":"","_et_pb_old_content":"","_et_gb_content_width":"","footnotes":""},"categories":[41,8],"tags":[],"class_list":["post-10863","post","type-post","status-publish","format-standard","has-post-thumbnail","hentry","category-agricultura-y-medios-de-vida","category-energy"],"_links":{"self":[{"href":"https:\/\/www.un.org\/sustainabledevelopment\/es\/wp-json\/wp\/v2\/posts\/10863","targetHints":{"allow":["GET"]}}],"collection":[{"href":"https:\/\/www.un.org\/sustainabledevelopment\/es\/wp-json\/wp\/v2\/posts"}],"about":[{"href":"https:\/\/www.un.org\/sustainabledevelopment\/es\/wp-json\/wp\/v2\/types\/post"}],"author":[{"embeddable":true,"href":"https:\/\/www.un.org\/sustainabledevelopment\/es\/wp-json\/wp\/v2\/users\/245"}],"replies":[{"embeddable":true,"href":"https:\/\/www.un.org\/sustainabledevelopment\/es\/wp-json\/wp\/v2\/comments?post=10863"}],"version-history":[{"count":0,"href":"https:\/\/www.un.org\/sustainabledevelopment\/es\/wp-json\/wp\/v2\/posts\/10863\/revisions"}],"wp:featuredmedia":[{"embeddable":true,"href":"https:\/\/www.un.org\/sustainabledevelopment\/es\/wp-json\/wp\/v2\/media\/10867"}],"wp:attachment":[{"href":"https:\/\/www.un.org\/sustainabledevelopment\/es\/wp-json\/wp\/v2\/media?parent=10863"}],"wp:term":[{"taxonomy":"category","embeddable":true,"href":"https:\/\/www.un.org\/sustainabledevelopment\/es\/wp-json\/wp\/v2\/categories?post=10863"},{"taxonomy":"post_tag","embeddable":true,"href":"https:\/\/www.un.org\/sustainabledevelopment\/es\/wp-json\/wp\/v2\/tags?post=10863"}],"curies":[{"name":"wp","href":"https:\/\/api.w.org\/{rel}","templated":true}]}}