  {"id":10995,"date":"2017-10-03T15:03:19","date_gmt":"2017-10-03T19:03:19","guid":{"rendered":"http:\/\/www.un.org\/sustainabledevelopment\/es\/?p=10995"},"modified":"2017-11-13T15:59:41","modified_gmt":"2017-11-13T20:59:41","slug":"nueva-estrategia-busca-reducir-las-muertes-por-colera-en-un-90-para-el-2030","status":"publish","type":"post","link":"https:\/\/www.un.org\/sustainabledevelopment\/es\/2017\/10\/nueva-estrategia-busca-reducir-las-muertes-por-colera-en-un-90-para-el-2030\/","title":{"rendered":"Nueva estrategia busca reducir las muertes por c\u00f3lera en un 90% para el 2030"},"content":{"rendered":"<p>El Grupo Especial Mundial para el Control del C\u00f3lera (GTFCC) lanzar\u00e1 el mi\u00e9rcoles un plan ambicioso para reducir dr\u00e1sticamente las muertes por c\u00f3lera, una enfermedad que cada a\u00f1o afecta a casi 3 millones de personas en m\u00e1s de 40 pa\u00edses.<\/p>\n<p>\u201cEl\u00a0<a href=\"http:\/\/www.un.org\/spanish\/News\/%E2%80%9Dhttp:\/\/www.who.int\/mediacentre\/factsheets\/fs107\/es\/%E2%80%9D\">c\u00f3lera<\/a>\u00a0es una enfermedad relacionada con la desigualdad, que afecta a los m\u00e1s pobres y vulnerables; es inaceptable que siga destruyendo vidas y afectando a las econom\u00edas. Debemos actuar ahora\u201d, dijo hoy el doctor Tedros Adhanom Gebreyesus, secretario general de la Organizaci\u00f3n Mundial de la Salud (<a href=\"http:\/\/www.un.org\/spanish\/News\/%E2%80%9Dwho.int%E2%80%9D\">OMS<\/a>).<\/p>\n<p>La transmisi\u00f3n de la enfermedad est\u00e1 estrechamente ligada a un acceso insuficiente a agua potable e instalaciones de saneamiento. El n\u00famero de casos sigue siendo elevado ya que m\u00e1s de dos mil millones de personas no tienen acceso a agua potable y servicios sanitarios en el mundo. Se estima que unas 95.000 personas mueren por c\u00f3lera cada a\u00f1o.<\/p>\n<p>Sin embargo, la enfermedad se puede prevenir con las herramientas que ya tenemos, record\u00f3 la OMS. Entre ellas, la\u00a0<a href=\"http:\/\/www.un.org\/spanish\/News\/%E2%80%9D\">nueva vacuna oral<\/a>\u00a0aprobada por la agencia que protege hasta 3 a\u00f1os con un costo de 6 d\u00f3lares.<\/p>\n<p>El\u00a0<a href=\"http:\/\/www.un.org\/spanish\/News\/%E2%80%9Dhttp:\/\/who.int\/cholera\/task_force\/en\/%E2%80%9D\">Grupo Especial Mundial para el Control del C\u00f3lera<\/a>\u00a0elabor\u00f3 una\u00a0<a href=\"http:\/\/www.un.org\/spanish\/News\/%E2%80%9Dhttp:\/\/who.int\/cholera\/publications\/global-roadmap\/en\/%E2%80%9D\">hoja de ruta mundial<\/a>\u00a0que detalla las etapas que conducir\u00e1n a alcanzar el objetivo. Entre ellas destacan las buenas pr\u00e1cticas y la colaboraci\u00f3n entre pa\u00edses, donantes y agencias internacionales para sincronizar los esfuerzos, adoptar un enfoque multisectorial y mejorar la detecci\u00f3n temprana y la respuesta a nivel pa\u00eds. Con la implementaci\u00f3n de la hoja de ruta, se espera que unos 20 pa\u00edses eliminen el c\u00f3lera para el 2030.<\/p>\n<p>El GTFCC es una red de m\u00e1s de 50 asociados que intervienen en el control mundial de la enfermedad y entre los que hay instituciones acad\u00e9micas, organizaciones no gubernamentales y organizaciones de las Naciones Unidas.<\/p>\n<p>&nbsp;<\/p>\n<p><a title=\"Nueva estrategia busca reducir las muertes por c\u00f3lera en un 90% para el 2030\" href=\"http:\/\/www.un.org\/spanish\/News\/story.asp?NewsID=38184\">Noticias ONU<\/a><\/p>\n","protected":false},"excerpt":{"rendered":"<p>El Grupo Especial Mundial para el Control del C\u00f3lera (GTFCC)  [&#8230;]<\/p>\n","protected":false},"author":245,"featured_media":11003,"comment_status":"closed","ping_status":"closed","sticky":false,"template":"","format":"standard","meta":{"_et_pb_use_builder":"","_et_pb_old_content":"","_et_gb_content_width":"","footnotes":""},"categories":[13,11],"tags":[],"class_list":["post-10995","post","type-post","status-publish","format-standard","has-post-thumbnail","hentry","category-inequality","category-health"],"_links":{"self":[{"href":"https:\/\/www.un.org\/sustainabledevelopment\/es\/wp-json\/wp\/v2\/posts\/10995","targetHints":{"allow":["GET"]}}],"collection":[{"href":"https:\/\/www.un.org\/sustainabledevelopment\/es\/wp-json\/wp\/v2\/posts"}],"about":[{"href":"https:\/\/www.un.org\/sustainabledevelopment\/es\/wp-json\/wp\/v2\/types\/post"}],"author":[{"embeddable":true,"href":"https:\/\/www.un.org\/sustainabledevelopment\/es\/wp-json\/wp\/v2\/users\/245"}],"replies":[{"embeddable":true,"href":"https:\/\/www.un.org\/sustainabledevelopment\/es\/wp-json\/wp\/v2\/comments?post=10995"}],"version-history":[{"count":0,"href":"https:\/\/www.un.org\/sustainabledevelopment\/es\/wp-json\/wp\/v2\/posts\/10995\/revisions"}],"wp:featuredmedia":[{"embeddable":true,"href":"https:\/\/www.un.org\/sustainabledevelopment\/es\/wp-json\/wp\/v2\/media\/11003"}],"wp:attachment":[{"href":"https:\/\/www.un.org\/sustainabledevelopment\/es\/wp-json\/wp\/v2\/media?parent=10995"}],"wp:term":[{"taxonomy":"category","embeddable":true,"href":"https:\/\/www.un.org\/sustainabledevelopment\/es\/wp-json\/wp\/v2\/categories?post=10995"},{"taxonomy":"post_tag","embeddable":true,"href":"https:\/\/www.un.org\/sustainabledevelopment\/es\/wp-json\/wp\/v2\/tags?post=10995"}],"curies":[{"name":"wp","href":"https:\/\/api.w.org\/{rel}","templated":true}]}}