  {"id":11120,"date":"2017-10-04T15:17:26","date_gmt":"2017-10-04T19:17:26","guid":{"rendered":"http:\/\/www.un.org\/sustainabledevelopment\/es\/?p=11120"},"modified":"2017-11-13T15:59:40","modified_gmt":"2017-11-13T20:59:40","slug":"guterres-visitara-antigua-barbuda-y-dominica-para-evaluar-danos-tras-paso-de-huracanes-irma-y-maria","status":"publish","type":"post","link":"https:\/\/www.un.org\/sustainabledevelopment\/es\/2017\/10\/guterres-visitara-antigua-barbuda-y-dominica-para-evaluar-danos-tras-paso-de-huracanes-irma-y-maria\/","title":{"rendered":"Guterres visitar\u00e1 Antigua, Barbuda y Dominica para evaluar da\u00f1os tras paso de huracanes Irma y Mar\u00eda"},"content":{"rendered":"<p>El Secretario General de Naciones Unidas visitar\u00e1 el pr\u00f3ximo s\u00e1bado las islas caribe\u00f1as de Antigua, Barbuda y Dominica que resultaron severamente da\u00f1adas tras el reciente paso de los huracanes Irma y Mar\u00eda.<\/p>\n<p>Seg\u00fan indic\u00f3 hoy en declaraciones a la prensa en la sede de la ONU en Nueva York, Ant\u00f3nio Guterres examinar\u00e1 los da\u00f1os causados por los meteoros y evaluar\u00e1 que acciones adicionales puede emprender Naciones Unidas para ayudar a las personas afectadas en las tareas de recuperaci\u00f3n.<\/p>\n<p>Guterres indic\u00f3 que hasta el momento Naciones Unidas ha lanzado llamamientos humanitarios por un valor aproximado de 114 millones de d\u00f3lares, y felicit\u00f3 a los pa\u00edses que han mostrado su solidaridad con las islas del Caribe, pero deplor\u00f3 la falta de apoyo recibida por la comunidad de donantes. <\/p>\n<p>\u00abEn general, lamento informarles que la respuesta ha sido pobre. Insto a los donantes en particular a que respondan con generosidad durante las pr\u00f3ximas semanas\u00bb, dijo.<\/p>\n<p>El Secretario General destac\u00f3 la importancia de establecer mecanismos financieros innovadores para que los peque\u00f1os Estados insulares puedan enfrentarse a este tipo de situaciones provocadas por fen\u00f3menos extremos.<\/p>\n<p>Pese a se\u00f1alar que no se puede relacionar todos los fen\u00f3menos meteorol\u00f3gicos con el cambio clim\u00e1tico, el titular de la ONU destac\u00f3 que la comunidad cient\u00edfica pronostica que los eventos climatol\u00f3gicos extremos ser\u00e1n la \u201cnueva normalidad\u201d.<\/p>\n<p>Finalmente, inst\u00f3 a todos los pa\u00edses a realizar una implementaci\u00f3n ambiciosa del Acuerdo Clim\u00e1tico de Par\u00eds y record\u00f3 que tiene previsto convocar una Cumbre sobre el Clima en el a\u00f1o 2019.<\/p>\n<p><a href=\"http:\/\/www.un.org\/spanish\/News\/story.asp?NewsID=38191\">Noticias ONU<\/a><\/p>\n","protected":false},"excerpt":{"rendered":"<p>El Secretario General de Naciones Unidas visitar\u00e1 el pr\u00f3ximo s\u00e1bado  [&#8230;]<\/p>\n","protected":false},"author":34,"featured_media":11124,"comment_status":"closed","ping_status":"closed","sticky":false,"template":"","format":"standard","meta":{"_et_pb_use_builder":"","_et_pb_old_content":"","_et_gb_content_width":"","footnotes":""},"categories":[5,16,31],"tags":[],"class_list":["post-11120","post","type-post","status-publish","format-standard","has-post-thumbnail","hentry","category-climate-change","category-news","category-secretario-general"],"_links":{"self":[{"href":"https:\/\/www.un.org\/sustainabledevelopment\/es\/wp-json\/wp\/v2\/posts\/11120","targetHints":{"allow":["GET"]}}],"collection":[{"href":"https:\/\/www.un.org\/sustainabledevelopment\/es\/wp-json\/wp\/v2\/posts"}],"about":[{"href":"https:\/\/www.un.org\/sustainabledevelopment\/es\/wp-json\/wp\/v2\/types\/post"}],"author":[{"embeddable":true,"href":"https:\/\/www.un.org\/sustainabledevelopment\/es\/wp-json\/wp\/v2\/users\/34"}],"replies":[{"embeddable":true,"href":"https:\/\/www.un.org\/sustainabledevelopment\/es\/wp-json\/wp\/v2\/comments?post=11120"}],"version-history":[{"count":0,"href":"https:\/\/www.un.org\/sustainabledevelopment\/es\/wp-json\/wp\/v2\/posts\/11120\/revisions"}],"wp:featuredmedia":[{"embeddable":true,"href":"https:\/\/www.un.org\/sustainabledevelopment\/es\/wp-json\/wp\/v2\/media\/11124"}],"wp:attachment":[{"href":"https:\/\/www.un.org\/sustainabledevelopment\/es\/wp-json\/wp\/v2\/media?parent=11120"}],"wp:term":[{"taxonomy":"category","embeddable":true,"href":"https:\/\/www.un.org\/sustainabledevelopment\/es\/wp-json\/wp\/v2\/categories?post=11120"},{"taxonomy":"post_tag","embeddable":true,"href":"https:\/\/www.un.org\/sustainabledevelopment\/es\/wp-json\/wp\/v2\/tags?post=11120"}],"curies":[{"name":"wp","href":"https:\/\/api.w.org\/{rel}","templated":true}]}}