  {"id":11206,"date":"2017-10-16T14:50:04","date_gmt":"2017-10-16T18:50:04","guid":{"rendered":"http:\/\/www.un.org\/sustainabledevelopment\/es\/?p=11206"},"modified":"2017-11-13T15:59:38","modified_gmt":"2017-11-13T20:59:38","slug":"dia-mundial-de-la-alimentacion-el-papa-francisco-urge-a-afrontar-el-cambio-climatico-y-los-conflictos","status":"publish","type":"post","link":"https:\/\/www.un.org\/sustainabledevelopment\/es\/2017\/10\/dia-mundial-de-la-alimentacion-el-papa-francisco-urge-a-afrontar-el-cambio-climatico-y-los-conflictos\/","title":{"rendered":"D\u00eda Mundial de la Alimentaci\u00f3n: El Papa Francisco urge a afrontar el cambio clim\u00e1tico y los conflictos"},"content":{"rendered":"<p>En el D\u00eda Mundial de la Alimentaci\u00f3n, el Papa Francisco urgi\u00f3 a hacer frente al cambio clim\u00e1tico y los conflictos para que la migraci\u00f3n sea una opci\u00f3n segura y voluntaria, no un acto de desesperaci\u00f3n por falta de comida o de seguridad.<\/p>\n<p>Durante una ceremonia en la sede de la FAO en Roma con motivo de la jornada, el pont\u00edfice afirm\u00f3 hoy que para garantizar la seguridad alimentaria de toda la poblaci\u00f3n hace falta emprender acciones que mitiguen el cambio clim\u00e1tico y que pongan fin a las guerras, ya que ambos causan hambre.<\/p>\n<p>Este a\u00f1o, el D\u00eda Mundial de la Alimentaci\u00f3n insta a invertir en la seguridad alimentaria y el desarrollo rural como una forma de abordar la migraci\u00f3n.<\/p>\n<p>El Papa consider\u00f3 que la situaci\u00f3n actual requiere una mayor responsabilidad a todos los niveles no s\u00f3lo para asegurar la producci\u00f3n necesaria y la distribuci\u00f3n equitativa de la comida, sino para garantizar a todos los seres humanos su derecho a alimentarse, a participar en la toma de decisiones que los afectan y a realizar sus aspiraciones sin tener que separarse de sus seres queridos.<\/p>\n<p>\u201cAnte un objetivo de tal envergadura, lo que est\u00e1 en juego es la credibilidad de todo el sistema internacional. Sabemos que la cooperaci\u00f3n est\u00e1 cada vez m\u00e1s condicionada por compromisos parciales, llegando incluso a limitar las ayudas en las emergencias\u2026 Nos urge pues, encontrar nuevos caminos para transformar las posibilidades de que disponemos en una garant\u00eda que permita a cada persona encarar el futuro con fundada confianza y no s\u00f3lo con alguna ilusi\u00f3n\u201d, apunt\u00f3.<\/p>\n<p>El jefe de la iglesia cat\u00f3lica pidi\u00f3 un compromiso con el desarme gradual y sistem\u00e1tico y pugn\u00f3 por cambiar el estilo de vida para utilizar razonablemente los recursos y la producci\u00f3n de alimentos, protegiendo as\u00ed al planeta y a la gente.<\/p>\n<p>El evento estuvo presidido por el director general de la FAO, Jos\u00e9 Graziano da Silva, quien asever\u00f3 que los centenares de millones de personas refugiadas y desplazadas que hay en el mundo forman \u201cuna di\u00e1spora de hambre, de violencia, de desequilibrios clim\u00e1ticos, de miedo y de desamparo\u201d.<\/p>\n<p>Agreg\u00f3 que para las personas que sufren pobreza extrema, la \u00fanica esperanza de una vida mejor es migrar, incluso si eso significa enfrentar peligros que les pueden costar la vida.<\/p>\n<p>\u201cLos conflictos y los impactos del cambio clim\u00e1tico explican tambi\u00e9n el aumento del hambre en el mundo. Despu\u00e9s de diez a\u00f1os de retroceso continuo, el contingente de hambrientos aument\u00f3 m\u00e1s de 38 millones en 20016, a un total de 815 millones de hombres, mujeres y ni\u00f1os\u201d, subray\u00f3 Graziano da Silva.<\/p>\n<p>El titular de la FAO insisti\u00f3 en que el hambre y la miseria son una de las causas de la migraci\u00f3n que deben resolverse para salvar vidas y garantizar la dignidad de los seres humanos.<\/p>\n<p>Durante la ceremonia del D\u00eda Mundial de la Alimentaci\u00f3n, el Papa devel\u00f3 en los jardines de la FAO una estatua dedicada al ni\u00f1o sirio de tres a\u00f1os Alan Kurdi, quien conmocionara al mundo cuando apareci\u00f3 ahogado en las costas turcas luego del naufragio de la barca en la que su familia intentaba llegar a Grecia en busca de refugio en septiembre de 2015.<\/p>\n<p><a href=\"http:\/\/www.un.org\/spanish\/News\/story.asp?NewsID=38260\">Noticias ONU<\/a><\/p>\n","protected":false},"excerpt":{"rendered":"<p>En el D\u00eda Mundial de la Alimentaci\u00f3n, el Papa Francisco  [&#8230;]<\/p>\n","protected":false},"author":34,"featured_media":11210,"comment_status":"closed","ping_status":"closed","sticky":false,"template":"","format":"standard","meta":{"_et_pb_use_builder":"","_et_pb_old_content":"","_et_gb_content_width":"","footnotes":""},"categories":[5,12,19,16],"tags":[],"class_list":["post-11206","post","type-post","status-publish","format-standard","has-post-thumbnail","hentry","category-climate-change","category-hunger","category-peace-and-justice","category-news"],"_links":{"self":[{"href":"https:\/\/www.un.org\/sustainabledevelopment\/es\/wp-json\/wp\/v2\/posts\/11206","targetHints":{"allow":["GET"]}}],"collection":[{"href":"https:\/\/www.un.org\/sustainabledevelopment\/es\/wp-json\/wp\/v2\/posts"}],"about":[{"href":"https:\/\/www.un.org\/sustainabledevelopment\/es\/wp-json\/wp\/v2\/types\/post"}],"author":[{"embeddable":true,"href":"https:\/\/www.un.org\/sustainabledevelopment\/es\/wp-json\/wp\/v2\/users\/34"}],"replies":[{"embeddable":true,"href":"https:\/\/www.un.org\/sustainabledevelopment\/es\/wp-json\/wp\/v2\/comments?post=11206"}],"version-history":[{"count":0,"href":"https:\/\/www.un.org\/sustainabledevelopment\/es\/wp-json\/wp\/v2\/posts\/11206\/revisions"}],"wp:featuredmedia":[{"embeddable":true,"href":"https:\/\/www.un.org\/sustainabledevelopment\/es\/wp-json\/wp\/v2\/media\/11210"}],"wp:attachment":[{"href":"https:\/\/www.un.org\/sustainabledevelopment\/es\/wp-json\/wp\/v2\/media?parent=11206"}],"wp:term":[{"taxonomy":"category","embeddable":true,"href":"https:\/\/www.un.org\/sustainabledevelopment\/es\/wp-json\/wp\/v2\/categories?post=11206"},{"taxonomy":"post_tag","embeddable":true,"href":"https:\/\/www.un.org\/sustainabledevelopment\/es\/wp-json\/wp\/v2\/tags?post=11206"}],"curies":[{"name":"wp","href":"https:\/\/api.w.org\/{rel}","templated":true}]}}