  {"id":11214,"date":"2017-10-16T14:52:46","date_gmt":"2017-10-16T18:52:46","guid":{"rendered":"http:\/\/www.un.org\/sustainabledevelopment\/es\/?p=11214"},"modified":"2017-11-13T15:59:38","modified_gmt":"2017-11-13T20:59:38","slug":"naciones-unidas-busca-impulsar-el-potencial-de-africa-a-traves-de-dos-agendas-de-desarrollo","status":"publish","type":"post","link":"https:\/\/www.un.org\/sustainabledevelopment\/es\/2017\/10\/naciones-unidas-busca-impulsar-el-potencial-de-africa-a-traves-de-dos-agendas-de-desarrollo\/","title":{"rendered":"Naciones Unidas busca impulsar el potencial de \u00c1frica a trav\u00e9s de dos Agendas de desarrollo"},"content":{"rendered":"<p>trat\u00e9gica de la Agenda 2030 de la ONU y la Agenda 2063 de la Uni\u00f3n Africana beneficiar\u00e1 a la poblaci\u00f3n africana, sostuvo hoy Ant\u00f3nio Guterres durante el lanzamiento de la Semana de \u00c1frica.<\/p>\n<p>En los \u00faltimos a\u00f1os el continente africano progres\u00f3 en la reducci\u00f3n de la pobreza, la diversificaci\u00f3n de la econom\u00eda, la construcci\u00f3n de la clase media y la promoci\u00f3n en diversos sectores en crecimiento como la banca o las telecomunicaciones.<\/p>\n<p>Todos estos avances fueron enumerados por el Secretario General de Naciones Unidas, Ant\u00f3nio Guterres, durante la presentaci\u00f3n de la Semana de \u00c1frica, que tendr\u00e1 lugar en la sede de la ONU en Nueva York desde hoy hasta el pr\u00f3ximo viernes.<\/p>\n<p>El evento busca lograr un continente africano integrado, pr\u00f3spero, centrado en las personas y pac\u00edfico tomando como marco de referencia la concordancia en la aplicaci\u00f3n de la Agenda 2030 para el Desarrollo de Naciones Unidas y la Agenda 2063 de la Uni\u00f3n Africana.<\/p>\n<p>Guterres destac\u00f3 que hay un amplio espacio para reforzar el trabajo com\u00fan entre Naciones Unidas y la Uni\u00f3n Africana en la promoci\u00f3n del desarrollo sostenible y la ampliaci\u00f3n de oportunidades sin dejar a nadie atr\u00e1s.<\/p>\n<p>Para ello destac\u00f3 tres \u00e1reas fundamentales, siendo la primera de ellas centrarse en los j\u00f3venes africanos.<\/p>\n<p>\u201cEl continente posee la poblaci\u00f3n juvenil de m\u00e1s r\u00e1pido crecimiento en el mundo. Podemos ayudar a aprovechar al m\u00e1ximo este dividendo demogr\u00e1fico mediante mayores inversiones en educaci\u00f3n, especialmente en ciencia y tecnolog\u00eda, y garantizando la participaci\u00f3n de los j\u00f3venes en el desarrollo econ\u00f3mico.\u201d, dijo Guterres.<\/p>\n<p>En segundo lugar, resalt\u00f3 la importancia del empoderamiento de las mujeres y ni\u00f1as que causa una innecesaria p\u00e9rdida de potencial y crecimiento econ\u00f3mico, y finalmente el empleo de m\u00e9todos innovadores al usar los recursos y la financiaci\u00f3n para el desarrollo.<\/p>\n<p><a href=\"http:\/\/www.un.org\/spanish\/News\/story.asp?NewsID=38259\">Noticias ONU<\/a><\/p>\n","protected":false},"excerpt":{"rendered":"<p>trat\u00e9gica de la Agenda 2030 de la ONU y la  [&#8230;]<\/p>\n","protected":false},"author":34,"featured_media":11218,"comment_status":"closed","ping_status":"closed","sticky":false,"template":"","format":"standard","meta":{"_et_pb_use_builder":"","_et_pb_old_content":"","_et_gb_content_width":"","footnotes":""},"categories":[7,46,16,20],"tags":[],"class_list":["post-11214","post","type-post","status-publish","format-standard","has-post-thumbnail","hentry","category-education","category-financiacion-para-el-desarrollo","category-news","category-poverty"],"_links":{"self":[{"href":"https:\/\/www.un.org\/sustainabledevelopment\/es\/wp-json\/wp\/v2\/posts\/11214","targetHints":{"allow":["GET"]}}],"collection":[{"href":"https:\/\/www.un.org\/sustainabledevelopment\/es\/wp-json\/wp\/v2\/posts"}],"about":[{"href":"https:\/\/www.un.org\/sustainabledevelopment\/es\/wp-json\/wp\/v2\/types\/post"}],"author":[{"embeddable":true,"href":"https:\/\/www.un.org\/sustainabledevelopment\/es\/wp-json\/wp\/v2\/users\/34"}],"replies":[{"embeddable":true,"href":"https:\/\/www.un.org\/sustainabledevelopment\/es\/wp-json\/wp\/v2\/comments?post=11214"}],"version-history":[{"count":0,"href":"https:\/\/www.un.org\/sustainabledevelopment\/es\/wp-json\/wp\/v2\/posts\/11214\/revisions"}],"wp:featuredmedia":[{"embeddable":true,"href":"https:\/\/www.un.org\/sustainabledevelopment\/es\/wp-json\/wp\/v2\/media\/11218"}],"wp:attachment":[{"href":"https:\/\/www.un.org\/sustainabledevelopment\/es\/wp-json\/wp\/v2\/media?parent=11214"}],"wp:term":[{"taxonomy":"category","embeddable":true,"href":"https:\/\/www.un.org\/sustainabledevelopment\/es\/wp-json\/wp\/v2\/categories?post=11214"},{"taxonomy":"post_tag","embeddable":true,"href":"https:\/\/www.un.org\/sustainabledevelopment\/es\/wp-json\/wp\/v2\/tags?post=11214"}],"curies":[{"name":"wp","href":"https:\/\/api.w.org\/{rel}","templated":true}]}}