  {"id":11262,"date":"2017-10-19T11:26:13","date_gmt":"2017-10-19T15:26:13","guid":{"rendered":"http:\/\/www.un.org\/sustainabledevelopment\/es\/?p=11262"},"modified":"2017-11-13T15:59:37","modified_gmt":"2017-11-13T20:59:37","slug":"el-desempleo-urbano-aumentara-a-94-en-america-latina-y-el-caribe-en-2017","status":"publish","type":"post","link":"https:\/\/www.un.org\/sustainabledevelopment\/es\/2017\/10\/el-desempleo-urbano-aumentara-a-94-en-america-latina-y-el-caribe-en-2017\/","title":{"rendered":"El desempleo urbano aumentar\u00e1 a 9,4% en Am\u00e9rica Latina y el Caribe en 2017"},"content":{"rendered":"<p>Los mercados de trabajo de Am\u00e9rica Latina y el Caribe seguir\u00e1n afectados por el bajo crecimiento econ\u00f3mico de la regi\u00f3n en 2017 y el desempleo urbano llegar\u00eda a 9,4%, medio punto por encima del \u00edndice registrado el a\u00f1o anterior, seg\u00fan un nuevo informe de dos organismos de la ONU divulgado hoy.<\/p>\n<p>La Comisi\u00f3n Econ\u00f3mica para la regi\u00f3n (CEPAL) y la Organizaci\u00f3n Internacional del Trabajo (OIT) reportaron que durante el primer semestre de 2017 se mantuvo el deterioro de las tasas de ocupaci\u00f3n y desempleo, aunque disminuy\u00f3 el ritmo de dicho empeoramiento, lo que podr\u00eda augurar una mejora en un plazo relativamente corto.<\/p>\n<p>El estudio explica que, al igual que en a\u00f1os anteriores, la tendencia de la regi\u00f3n responde en gran parte al d\u00e9bil desempe\u00f1o del mercado laboral brasile\u00f1o, pese a que despu\u00e9s de varios a\u00f1os de contracci\u00f3n, se proyecta un leve crecimiento econ\u00f3mico en ese pa\u00eds en 2017 y sus indicadores laborales est\u00e1n empezando a estabilizarse.<\/p>\n<p>La CEPAL y la OIT afirmaron que la debilidad de los mercados de trabajo se refleja tambi\u00e9n en la calidad del empleo.<\/p>\n<p>Con respecto a los j\u00f3venes, el documento recuerda que este grupo generalmente enfrenta problemas en la b\u00fasqueda de un equilibrio entre empleo productivo y trabajo decente.<\/p>\n<p>El documento aborda adem\u00e1s los programas y pol\u00edticas que se han implementado en la regi\u00f3n para fomentar una mejor transici\u00f3n entre la educaci\u00f3n y el trabajo e incrementar la capacidad de los j\u00f3venes de ser empleados.<\/p>\n<p>Las evaluaciones de estos programas encuentran impactos positivos tanto en la empleabilidad como en los salarios, principalmente para los grupos m\u00e1s vulnerables, de menores ingresos y menor nivel de instrucci\u00f3n. No obstante, ambos organismos advierten que es necesario avanzar en la recolecci\u00f3n de estad\u00edsticas para monitorear mejor los programas existentes e incorporar los ajustes que sean necesarios. <\/p>\n<p><a href=\"http:\/\/www.un.org\/spanish\/News\/story.asp?NewsID=38280\">Noticias ONU<\/a><\/p>\n","protected":false},"excerpt":{"rendered":"<p>Los mercados de trabajo de Am\u00e9rica Latina y el Caribe  [&#8230;]<\/p>\n","protected":false},"author":34,"featured_media":11266,"comment_status":"closed","ping_status":"closed","sticky":false,"template":"","format":"standard","meta":{"_et_pb_use_builder":"","_et_pb_old_content":"","_et_gb_content_width":"","footnotes":""},"categories":[6,16],"tags":[],"class_list":["post-11262","post","type-post","status-publish","format-standard","has-post-thumbnail","hentry","category-economic-growth","category-news"],"_links":{"self":[{"href":"https:\/\/www.un.org\/sustainabledevelopment\/es\/wp-json\/wp\/v2\/posts\/11262","targetHints":{"allow":["GET"]}}],"collection":[{"href":"https:\/\/www.un.org\/sustainabledevelopment\/es\/wp-json\/wp\/v2\/posts"}],"about":[{"href":"https:\/\/www.un.org\/sustainabledevelopment\/es\/wp-json\/wp\/v2\/types\/post"}],"author":[{"embeddable":true,"href":"https:\/\/www.un.org\/sustainabledevelopment\/es\/wp-json\/wp\/v2\/users\/34"}],"replies":[{"embeddable":true,"href":"https:\/\/www.un.org\/sustainabledevelopment\/es\/wp-json\/wp\/v2\/comments?post=11262"}],"version-history":[{"count":0,"href":"https:\/\/www.un.org\/sustainabledevelopment\/es\/wp-json\/wp\/v2\/posts\/11262\/revisions"}],"wp:featuredmedia":[{"embeddable":true,"href":"https:\/\/www.un.org\/sustainabledevelopment\/es\/wp-json\/wp\/v2\/media\/11266"}],"wp:attachment":[{"href":"https:\/\/www.un.org\/sustainabledevelopment\/es\/wp-json\/wp\/v2\/media?parent=11262"}],"wp:term":[{"taxonomy":"category","embeddable":true,"href":"https:\/\/www.un.org\/sustainabledevelopment\/es\/wp-json\/wp\/v2\/categories?post=11262"},{"taxonomy":"post_tag","embeddable":true,"href":"https:\/\/www.un.org\/sustainabledevelopment\/es\/wp-json\/wp\/v2\/tags?post=11262"}],"curies":[{"name":"wp","href":"https:\/\/api.w.org\/{rel}","templated":true}]}}