  {"id":11286,"date":"2017-10-19T11:37:43","date_gmt":"2017-10-19T15:37:43","guid":{"rendered":"http:\/\/www.un.org\/sustainabledevelopment\/es\/?p=11286"},"modified":"2017-11-13T15:59:37","modified_gmt":"2017-11-13T20:59:37","slug":"la-participacion-de-las-mujeres-clave-para-enfrentar-el-doble-desafio-de-la-migracion-y-cambio-climatico-en-africa","status":"publish","type":"post","link":"https:\/\/www.un.org\/sustainabledevelopment\/es\/2017\/10\/la-participacion-de-las-mujeres-clave-para-enfrentar-el-doble-desafio-de-la-migracion-y-cambio-climatico-en-africa\/","title":{"rendered":"La participaci\u00f3n de las mujeres, clave para enfrentar el doble desaf\u00edo de la migraci\u00f3n y cambio clim\u00e1tico en \u00c1frica"},"content":{"rendered":"<p>Si bien el cambio clim\u00e1tico, los conflictos y la migraci\u00f3n forzada afectan severamente al continente africano, est\u00e1n interconectados y se deben de enfrentar juntos, resalt\u00f3 este jueves una reuni\u00f3n auspiciada por el Consejo Econ\u00f3mico y Social de las Naciones Unidas en Nueva York.<\/p>\n<p>Las mujeres, que son las primeras v\u00edctimas del cambio clim\u00e1tico en situaciones de conflicto violento, inestabilidad pol\u00edtica o de crisis econ\u00f3mica, deben ser parte de la lucha.<\/p>\n<p>\u201cLas mujeres son agentes de cambio gracias a su importante saber ind\u00edgena, que puede ayudar a encontrar soluciones para responder al cambio clim\u00e1tico\u201d, afirm\u00f3 este jueves Liberata Mulamula, la directora del Instituto de Estudios Africanos en la Universidad George Washington y ex embajadora de Tanzania en los Estados Unidos, en un evento de alto nivel celebrado en la Sede de la ONU, donde los participantes debatieron acerca de la conexi\u00f3n entre cambio clim\u00e1tico y migraci\u00f3n en \u00c1frica, y de sus implicaciones para la paz y la seguridad en el continente.<\/p>\n<p>Record\u00f3 que la Red de Mujeres L\u00edderes Africanas, lanzada hace algunos meses por la Comisi\u00f3n de la Uni\u00f3n Africana, las Naciones Unidas y la Rep\u00fablica Alemana, busca fomentar el liderazgo de las mujeres en la gobernanza, la paz y la seguridad, con el prop\u00f3sito de transformar \u00c1frica, en particular al enfrentar la relaci\u00f3n entre cambio clim\u00e1tico, migraci\u00f3n y conflicto.<\/p>\n<p>La Red tiene como objetivo realizar actividades concretas y sostenibles a favor de las mujeres en \u00c1frica. Mulamula detall\u00f3 que, en los \u00faltimos meses, se emprendieron misiones de solidaridad en Nigeria y la Rep\u00fablica Democr\u00e1tica del Congo, bajo el liderazgo de la Vicesecretaria general de la ONU, Amina Mohammed, con el fin de apoyar a las mujeres afectadas por el impacto del cambio clim\u00e1tico y de los conflictos armados.<\/p>\n<p>\u201cLa promoci\u00f3n de la paz, la estabilidad y el desarrollo en \u00c1frica solo puede ser alcanzada a trav\u00e9s de esfuerzos coordinados y con la participaci\u00f3n activa de las comunidades locales y todas las partes\u201d, asever\u00f3 la diplom\u00e1tica.<\/p>\n<p>La reuni\u00f3n tuvo lugar en el marco de la Semana de \u00c1frica, que se celebra en la ONU del 16 al 20 de octubre, con el prop\u00f3sito de resaltar los avances y logros en los \u00e1mbitos del desarrollo social, econ\u00f3mico, pol\u00edtico y ecol\u00f3gico.<\/p>\n<p>El evento anual, que fue lanzado en el 2010, es organizado por la oficina del Asesor Especial para \u00c1frica.<\/p>\n<p><a href=\"http:\/\/www.un.org\/spanish\/News\/story.asp?NewsID=38284\">Noticias ONU<\/a><\/p>\n","protected":false},"excerpt":{"rendered":"<p>Si bien el cambio clim\u00e1tico, los conflictos y la migraci\u00f3n  [&#8230;]<\/p>\n","protected":false},"author":34,"featured_media":11290,"comment_status":"closed","ping_status":"closed","sticky":false,"template":"","format":"standard","meta":{"_et_pb_use_builder":"","_et_pb_old_content":"","_et_gb_content_width":"","footnotes":""},"categories":[5,10,16,33],"tags":[],"class_list":["post-11286","post","type-post","status-publish","format-standard","has-post-thumbnail","hentry","category-climate-change","category-gender-equality","category-news","category-programa-de-desarrollo-sostenible"],"_links":{"self":[{"href":"https:\/\/www.un.org\/sustainabledevelopment\/es\/wp-json\/wp\/v2\/posts\/11286","targetHints":{"allow":["GET"]}}],"collection":[{"href":"https:\/\/www.un.org\/sustainabledevelopment\/es\/wp-json\/wp\/v2\/posts"}],"about":[{"href":"https:\/\/www.un.org\/sustainabledevelopment\/es\/wp-json\/wp\/v2\/types\/post"}],"author":[{"embeddable":true,"href":"https:\/\/www.un.org\/sustainabledevelopment\/es\/wp-json\/wp\/v2\/users\/34"}],"replies":[{"embeddable":true,"href":"https:\/\/www.un.org\/sustainabledevelopment\/es\/wp-json\/wp\/v2\/comments?post=11286"}],"version-history":[{"count":0,"href":"https:\/\/www.un.org\/sustainabledevelopment\/es\/wp-json\/wp\/v2\/posts\/11286\/revisions"}],"wp:featuredmedia":[{"embeddable":true,"href":"https:\/\/www.un.org\/sustainabledevelopment\/es\/wp-json\/wp\/v2\/media\/11290"}],"wp:attachment":[{"href":"https:\/\/www.un.org\/sustainabledevelopment\/es\/wp-json\/wp\/v2\/media?parent=11286"}],"wp:term":[{"taxonomy":"category","embeddable":true,"href":"https:\/\/www.un.org\/sustainabledevelopment\/es\/wp-json\/wp\/v2\/categories?post=11286"},{"taxonomy":"post_tag","embeddable":true,"href":"https:\/\/www.un.org\/sustainabledevelopment\/es\/wp-json\/wp\/v2\/tags?post=11286"}],"curies":[{"name":"wp","href":"https:\/\/api.w.org\/{rel}","templated":true}]}}