  {"id":11769,"date":"2017-11-06T14:43:11","date_gmt":"2017-11-06T19:43:11","guid":{"rendered":"http:\/\/www.un.org\/sustainabledevelopment\/es\/?p=11769"},"modified":"2017-11-13T15:59:28","modified_gmt":"2017-11-13T20:59:28","slug":"naciones-unidas-inaugura-conferencia-sobre-cambio-climatico-cop23-en-bonn-alemania","status":"publish","type":"post","link":"https:\/\/www.un.org\/sustainabledevelopment\/es\/2017\/11\/naciones-unidas-inaugura-conferencia-sobre-cambio-climatico-cop23-en-bonn-alemania\/","title":{"rendered":"Naciones Unidas inaugura conferencia sobre cambio clim\u00e1tico (COP23) en Bonn, Alemania"},"content":{"rendered":"<p>La ciudad de Bonn, en Alemania, ser\u00e1 la sede a partir de hoy, de la vig\u00e9simo tercera Conferencia de las Partes (COP23), de la Convenci\u00f3n Marco de la ONU sobre Cambio Clim\u00e1tico (Ä¢¹½ÊÓÆµFCCC). El evento ser\u00e1 presidido por primera vez por un peque\u00f1o estado insular en desarrollo, Fiji.<\/p>\n<p>El encuentro de este a\u00f1o finalizar\u00e1 el 17 de noviembre y busca que todos los pa\u00edses impulsen las metas del Acuerdo clim\u00e1tico de Par\u00eds y avancen en su aplicaci\u00f3n.<\/p>\n<p>En el marco de la COP23, la Organizaci\u00f3n Meteorol\u00f3gica Mundial (OMM) inform\u00f3 en sus previsiones sobre el estado del clima, que 2017 ser\u00e1 probablemente uno de los a\u00f1os m\u00e1s calurosos, entre los que se poseen registros.<\/p>\n<p>La OMM destac\u00f3 que los indicadores a largo plazo del cambio clim\u00e1tico, como el aumento de las concentraciones de di\u00f3xido de carbono en la atm\u00f3sfera, el aumento del nivel del mar y la acidificaci\u00f3n de los oc\u00e9anos, no han disminuido.<\/p>\n<p>Seg\u00fan las estimaciones de la OMM, la temperatura global media de enero a septiembre de 2017 fue de casi 1,1\u00b0C por encima de la era preindustrial. Como consecuencia de un fuerte episodio del fen\u00f3meno El Ni\u00f1o, el a\u00f1o 2016 continuar\u00e1 siendo el m\u00e1s caluroso jam\u00e1s registrado, seguido por el 2017 y el 2015 ocupar\u00eda la tercera posici\u00f3n. <\/p>\n<p>As\u00ed lo advirti\u00f3 el cient\u00edfico del organismo, Omar Baddour.<\/p>\n<blockquote><p>\u201cEl a\u00f1o pasado, tuvimos una subida debido a una acentuada actividad de El Ni\u00f1o que elev\u00f3 la temperatura a largo plazo m\u00e1s all\u00e1 de las tendencias previstas&#8230; A su vez, si consideramos a\u00f1os similares que no fueron influenciados por ese fen\u00f3meno, vemos que 2017 es el a\u00f1o m\u00e1s c\u00e1lido no influenciado por El Ni\u00f1o \u00ab, dijo.<\/p><\/blockquote>\n<p><a href=\"http:\/\/www.un.org\/spanish\/News\/story.asp?NewsID=38382\" title=\"Naciones Unidas inaugura conferencia sobre cambio clim\u00e1tico (COP23) en Bonn, Alemania\">Noticias ONU<\/a><\/p>\n","protected":false},"excerpt":{"rendered":"<p>La ciudad de Bonn, en Alemania, ser\u00e1 la sede a  [&#8230;]<\/p>\n","protected":false},"author":34,"featured_media":11773,"comment_status":"closed","ping_status":"closed","sticky":false,"template":"","format":"standard","meta":{"_et_pb_use_builder":"","_et_pb_old_content":"","_et_gb_content_width":"","footnotes":""},"categories":[5],"tags":[],"class_list":["post-11769","post","type-post","status-publish","format-standard","has-post-thumbnail","hentry","category-climate-change"],"_links":{"self":[{"href":"https:\/\/www.un.org\/sustainabledevelopment\/es\/wp-json\/wp\/v2\/posts\/11769","targetHints":{"allow":["GET"]}}],"collection":[{"href":"https:\/\/www.un.org\/sustainabledevelopment\/es\/wp-json\/wp\/v2\/posts"}],"about":[{"href":"https:\/\/www.un.org\/sustainabledevelopment\/es\/wp-json\/wp\/v2\/types\/post"}],"author":[{"embeddable":true,"href":"https:\/\/www.un.org\/sustainabledevelopment\/es\/wp-json\/wp\/v2\/users\/34"}],"replies":[{"embeddable":true,"href":"https:\/\/www.un.org\/sustainabledevelopment\/es\/wp-json\/wp\/v2\/comments?post=11769"}],"version-history":[{"count":0,"href":"https:\/\/www.un.org\/sustainabledevelopment\/es\/wp-json\/wp\/v2\/posts\/11769\/revisions"}],"wp:featuredmedia":[{"embeddable":true,"href":"https:\/\/www.un.org\/sustainabledevelopment\/es\/wp-json\/wp\/v2\/media\/11773"}],"wp:attachment":[{"href":"https:\/\/www.un.org\/sustainabledevelopment\/es\/wp-json\/wp\/v2\/media?parent=11769"}],"wp:term":[{"taxonomy":"category","embeddable":true,"href":"https:\/\/www.un.org\/sustainabledevelopment\/es\/wp-json\/wp\/v2\/categories?post=11769"},{"taxonomy":"post_tag","embeddable":true,"href":"https:\/\/www.un.org\/sustainabledevelopment\/es\/wp-json\/wp\/v2\/tags?post=11769"}],"curies":[{"name":"wp","href":"https:\/\/api.w.org\/{rel}","templated":true}]}}