  {"id":12067,"date":"2017-11-10T16:21:06","date_gmt":"2017-11-10T21:21:06","guid":{"rendered":"http:\/\/www.un.org\/sustainabledevelopment\/es\/?p=12067"},"modified":"2017-11-13T15:59:25","modified_gmt":"2017-11-13T20:59:25","slug":"la-conferencia-de-la-onu-sobre-el-cambio-climatico-llega-en-un-momento-fundamental-destaca-antonio-guterres","status":"publish","type":"post","link":"https:\/\/www.un.org\/sustainabledevelopment\/es\/2017\/11\/la-conferencia-de-la-onu-sobre-el-cambio-climatico-llega-en-un-momento-fundamental-destaca-antonio-guterres\/","title":{"rendered":"La conferencia de la ONU sobre el cambio clim\u00e1tico llega en un momento \u00abfundamental\u00bb, destaca Ant\u00f3nio Guterres"},"content":{"rendered":"<p>El Secretario General de Naciones Unidas record\u00f3 hoy la situaci\u00f3n de alerta clim\u00e1tica en la que se encuentra el planeta, antes del inicio de su viaje a Asia y Europa, donde visitar\u00e1 la conferencia de Naciones Unidas sobre cambio clim\u00e1tico (COP23) que se celebra en Bonn, Alemania.<\/p>\n<p>En declaraciones a la prensa en Nueva York, Ant\u00f3nio Guterres record\u00f3 los datos de la Organizaci\u00f3n Meteorol\u00f3gica Mundial (OMM) que indican que las concentraciones de di\u00f3xido de carbono en la atm\u00f3sfera son actualmente las m\u00e1s altas en 800.000 a\u00f1os.<\/p>\n<p>Guterres a\u00f1adi\u00f3 que, seg\u00fan datos del Programa de las Naciones Unidas para el Medio Ambiente, las emisiones de gases de efecto invernadero para el a\u00f1o 2020 ser\u00e1n \u201cprobablemente tan elevadas\u201d que dificultar\u00e1n el alcance de los objetivos del Acuerdo Clim\u00e1tico de Par\u00eds previstos para el 2030. <\/p>\n<p>Todos estos datos demandan una acci\u00f3n clim\u00e1tica urgente y aumentar la ambici\u00f3n para combatir ese fen\u00f3meno, destac\u00f3. <\/p>\n<p>Durante la Conferencia, Guterres buscar\u00e1 avanzar en cinco \u00e1reas clave: el recorte de emisiones de gases de efecto invernadero, la resiliencia, la ayuda econ\u00f3mica a los pa\u00edses en desarrollo, las asociaciones que re\u00fanan a un n\u00famero cada vez mayor de actores e instituciones y el liderazgo.<\/p>\n<p>En este \u00faltimo apartado record\u00f3 que prev\u00e9 convocar una Cumbre sobre el Clima en septiembre de 2019.<\/p>\n<blockquote><p>\u201cPido a los l\u00edderes mundiales que muestren coraje en la lucha contra los intereses arraigados, sabidur\u00eda para invertir en las oportunidades de futuro y compasi\u00f3n por el tipo de mundo que construimos para nuestros hijos\u201d, dijo Guterres.<\/p><\/blockquote>\n<p>En relaci\u00f3n a la Conferencia de Bonn, este viernes se anunciaron nuevos compromisos e iniciativas en los sectores de la energ\u00eda, el agua y la agricultura, bajo los auspicios de la Alianza de Marrakech para la Acci\u00f3n Mundial sobre el Clima, con el fin de contribuir a la aplicaci\u00f3n del Acuerdo de Par\u00eds.<\/p>\n<p><a href=\"http:\/\/www.un.org\/spanish\/News\/story.asp?newsID=38414\" title=\"La conferencia de la ONU sobre el cambio clim\u00e1tico llega en un momento \u201cfundamental\u201d, destaca Ant\u00f3nio Guterres\">Noticias ONU<\/a><\/p>\n","protected":false},"excerpt":{"rendered":"<p>El Secretario General de Naciones Unidas record\u00f3 hoy la situaci\u00f3n  [&#8230;]<\/p>\n","protected":false},"author":34,"featured_media":12064,"comment_status":"closed","ping_status":"closed","sticky":false,"template":"","format":"standard","meta":{"_et_pb_use_builder":"","_et_pb_old_content":"","_et_gb_content_width":"","footnotes":""},"categories":[5],"tags":[],"class_list":["post-12067","post","type-post","status-publish","format-standard","has-post-thumbnail","hentry","category-climate-change"],"_links":{"self":[{"href":"https:\/\/www.un.org\/sustainabledevelopment\/es\/wp-json\/wp\/v2\/posts\/12067","targetHints":{"allow":["GET"]}}],"collection":[{"href":"https:\/\/www.un.org\/sustainabledevelopment\/es\/wp-json\/wp\/v2\/posts"}],"about":[{"href":"https:\/\/www.un.org\/sustainabledevelopment\/es\/wp-json\/wp\/v2\/types\/post"}],"author":[{"embeddable":true,"href":"https:\/\/www.un.org\/sustainabledevelopment\/es\/wp-json\/wp\/v2\/users\/34"}],"replies":[{"embeddable":true,"href":"https:\/\/www.un.org\/sustainabledevelopment\/es\/wp-json\/wp\/v2\/comments?post=12067"}],"version-history":[{"count":0,"href":"https:\/\/www.un.org\/sustainabledevelopment\/es\/wp-json\/wp\/v2\/posts\/12067\/revisions"}],"wp:featuredmedia":[{"embeddable":true,"href":"https:\/\/www.un.org\/sustainabledevelopment\/es\/wp-json\/wp\/v2\/media\/12064"}],"wp:attachment":[{"href":"https:\/\/www.un.org\/sustainabledevelopment\/es\/wp-json\/wp\/v2\/media?parent=12067"}],"wp:term":[{"taxonomy":"category","embeddable":true,"href":"https:\/\/www.un.org\/sustainabledevelopment\/es\/wp-json\/wp\/v2\/categories?post=12067"},{"taxonomy":"post_tag","embeddable":true,"href":"https:\/\/www.un.org\/sustainabledevelopment\/es\/wp-json\/wp\/v2\/tags?post=12067"}],"curies":[{"name":"wp","href":"https:\/\/api.w.org\/{rel}","templated":true}]}}