  {"id":1234,"date":"2015-03-10T16:30:01","date_gmt":"2015-03-10T20:30:01","guid":{"rendered":"http:\/\/www.un.org\/sustainabledevelopment\/es\/?p=1234"},"modified":"2015-03-16T16:35:38","modified_gmt":"2015-03-16T20:35:38","slug":"en-cinco-anos-el-mundo-ha-logrado-salvar-la-vida-de-24-millones-de-mujeres-y-ninos-dice-ban","status":"publish","type":"post","link":"https:\/\/www.un.org\/sustainabledevelopment\/es\/2015\/03\/en-cinco-anos-el-mundo-ha-logrado-salvar-la-vida-de-24-millones-de-mujeres-y-ninos-dice-ban\/","title":{"rendered":"En cinco a\u00f1os, el mundo ha logrado salvar la vida de 2,4 millones de mujeres y ni\u00f1os, dice Ban"},"content":{"rendered":"<p>10 de marzo de 2015 \u2014 En el segundo d\u00eda de la Comisi\u00f3n de la Condici\u00f3n Jur\u00eddica y social de la Mujer que se celebra hasta el 20 de marzo en Nueva York, el Secretario General de Naciones Unidas particip\u00f3 hoy en un evento de alto nivel del movimiento \u00abCada Mujer, Cada Ni\u00f1o\u00bb para reflexionar sobre el progreso logrado desde el lanzamiento de la Estrategia Global para la Salud de las Mujeres y los Ni\u00f1os en septiembre de 2010.<\/p>\n<p>En estos cinco a\u00f1os, el mundo ha logrado salvar la vida de casi 2,5 millones de mujeres y ni\u00f1os, dijo Ban Ki-moon, gracias en gran medida al impulso que ha conseguido esta joven y din\u00e1mica alianza. <\/p>\n<p>\u00abGracias al continuo compromiso pol\u00edtico, un incremento en la financiaci\u00f3n y una fuerte alianza, podemos acabar de manera realista con las muertes prevenibles de mujeres y ni\u00f1os dentro de una generaci\u00f3n, vivan donde vivan\u00bb, dijo.<\/p>\n<p>El titular de la ONU asegur\u00f3 que ahora la prioridad es mantener y aumentar ese impulso para completar las metas de salud pendientes de los Objetivos de Desarrollo del Milenio y poder alcanzar a las mujeres m\u00e1s vulnerables, especialmente a aquellas en zonas de conflicto y que necesitan asistencia humanitaria.<\/p>\n<p>Al evento tambi\u00e9n asistieron Amina Mohamed, asesora especial del Secretario General sobre la Planificaci\u00f3n del Desarrollo Post-2015 y Melinda Gates, cofundadora de la Fundaci\u00f3n Bill &amp; Melinda Gates.<\/p>\n<p><a href=\"http:\/\/www.un.org\/spanish\/News\/story.asp?NewsID=31855\">Centro de Noticias de la ONU<\/a><\/p>\n","protected":false},"excerpt":{"rendered":"<p>10 de marzo de 2015 \u2014 En el segundo d\u00eda  [&#8230;]<\/p>\n","protected":false},"author":37,"featured_media":1239,"comment_status":"closed","ping_status":"closed","sticky":false,"template":"","format":"standard","meta":{"_et_pb_use_builder":"","_et_pb_old_content":"","_et_gb_content_width":"","footnotes":""},"categories":[10,16,11],"tags":[],"class_list":["post-1234","post","type-post","status-publish","format-standard","has-post-thumbnail","hentry","category-gender-equality","category-news","category-health"],"_links":{"self":[{"href":"https:\/\/www.un.org\/sustainabledevelopment\/es\/wp-json\/wp\/v2\/posts\/1234","targetHints":{"allow":["GET"]}}],"collection":[{"href":"https:\/\/www.un.org\/sustainabledevelopment\/es\/wp-json\/wp\/v2\/posts"}],"about":[{"href":"https:\/\/www.un.org\/sustainabledevelopment\/es\/wp-json\/wp\/v2\/types\/post"}],"author":[{"embeddable":true,"href":"https:\/\/www.un.org\/sustainabledevelopment\/es\/wp-json\/wp\/v2\/users\/37"}],"replies":[{"embeddable":true,"href":"https:\/\/www.un.org\/sustainabledevelopment\/es\/wp-json\/wp\/v2\/comments?post=1234"}],"version-history":[{"count":0,"href":"https:\/\/www.un.org\/sustainabledevelopment\/es\/wp-json\/wp\/v2\/posts\/1234\/revisions"}],"wp:featuredmedia":[{"embeddable":true,"href":"https:\/\/www.un.org\/sustainabledevelopment\/es\/wp-json\/wp\/v2\/media\/1239"}],"wp:attachment":[{"href":"https:\/\/www.un.org\/sustainabledevelopment\/es\/wp-json\/wp\/v2\/media?parent=1234"}],"wp:term":[{"taxonomy":"category","embeddable":true,"href":"https:\/\/www.un.org\/sustainabledevelopment\/es\/wp-json\/wp\/v2\/categories?post=1234"},{"taxonomy":"post_tag","embeddable":true,"href":"https:\/\/www.un.org\/sustainabledevelopment\/es\/wp-json\/wp\/v2\/tags?post=1234"}],"curies":[{"name":"wp","href":"https:\/\/api.w.org\/{rel}","templated":true}]}}