  {"id":1284,"date":"2015-03-22T16:16:25","date_gmt":"2015-03-22T20:16:25","guid":{"rendered":"http:\/\/www.un.org\/sustainabledevelopment\/es\/?p=1284"},"modified":"2017-11-13T16:03:11","modified_gmt":"2017-11-13T21:03:11","slug":"dia-mundial-del-agua-750-millones-de-personas-carecen-del-liquido-vital","status":"publish","type":"post","link":"https:\/\/www.un.org\/sustainabledevelopment\/es\/2015\/03\/dia-mundial-del-agua-750-millones-de-personas-carecen-del-liquido-vital\/","title":{"rendered":"D\u00eda Mundial del Agua: 750 millones de personas carecen del l\u00edquido vital"},"content":{"rendered":"<p>20 de marzo de 2015 \u2014 Los avances realizados en el acceso al agua potable han sido notables durante los \u00faltimos 15 a\u00f1os; sin embargo, a\u00fan quedan 748 millones de personas que no cuentan con ese servicio b\u00e1sico.<\/p>\n<p>As\u00ed lo inform\u00f3 el Fondo de la ONU para la Infancia (Ä¢¹½ÊÓÆµICEF) con motivo del <a href=\"http:\/\/www.un.org\/es\/events\/waterday\/\" title=\"D\u00eda Mundial del Agua\">D\u00eda Mundial del Agua<\/a>, celebrado el 22 de marzo.<\/p>\n<p>Ä¢¹½ÊÓÆµIDEF se\u00f1al\u00f3 que de 1990 a la fecha, cerca de 2.300 millones de personas han logrado abastecerse de agua potable a trav\u00e9s de mecanismos modernos, lo que permiti\u00f3 que se cumpliera la meta fijada por la ONU en los Objetivos de Desarrollo del Milenio cinco a\u00f1os antes de lo inicialmente programado. <\/p>\n<p>En la actualidad son tres los pa\u00edses en los que m\u00e1s de la mitad de la poblaci\u00f3n no obtiene agua seg\u00fan los est\u00e1ndares internacionales: la Rep\u00fablica Democr\u00e1tica del Congo, Mozambique y Pap\u00faa Nueva Guinea. <\/p>\n<p>A nivel global, la poblaci\u00f3n que m\u00e1s padece por falta de agua vive en condiciones de pobreza y el 90% de ella se encuentra en zonas rurales. El tema es particularmente serio en \u00c1frica subsahariana, parte de China y la India. <\/p>\n<p>De acuerdo con Ä¢¹½ÊÓÆµICEF, cada d\u00eda mueren cerca de mil ni\u00f1os por enfermedades como la diarrea, que est\u00e1 directamente relaciona con el consumo de agua insalubre.<\/p>\n<p><a href=\"http:\/\/www.un.org\/spanish\/News\/story.asp?NewsID=31945\">Centro de Noticias de la ONU<\/a><\/p>\n","protected":false},"excerpt":{"rendered":"<p>20 de marzo de 2015 \u2014 Los avances realizados en  [&#8230;]<\/p>\n","protected":false},"author":37,"featured_media":1289,"comment_status":"closed","ping_status":"closed","sticky":false,"template":"","format":"standard","meta":{"_et_pb_use_builder":"","_et_pb_old_content":"","_et_gb_content_width":"","footnotes":""},"categories":[23,16],"tags":[],"class_list":["post-1284","post","type-post","status-publish","format-standard","has-post-thumbnail","hentry","category-water-and-sanitation","category-news"],"_links":{"self":[{"href":"https:\/\/www.un.org\/sustainabledevelopment\/es\/wp-json\/wp\/v2\/posts\/1284","targetHints":{"allow":["GET"]}}],"collection":[{"href":"https:\/\/www.un.org\/sustainabledevelopment\/es\/wp-json\/wp\/v2\/posts"}],"about":[{"href":"https:\/\/www.un.org\/sustainabledevelopment\/es\/wp-json\/wp\/v2\/types\/post"}],"author":[{"embeddable":true,"href":"https:\/\/www.un.org\/sustainabledevelopment\/es\/wp-json\/wp\/v2\/users\/37"}],"replies":[{"embeddable":true,"href":"https:\/\/www.un.org\/sustainabledevelopment\/es\/wp-json\/wp\/v2\/comments?post=1284"}],"version-history":[{"count":0,"href":"https:\/\/www.un.org\/sustainabledevelopment\/es\/wp-json\/wp\/v2\/posts\/1284\/revisions"}],"wp:featuredmedia":[{"embeddable":true,"href":"https:\/\/www.un.org\/sustainabledevelopment\/es\/wp-json\/wp\/v2\/media\/1289"}],"wp:attachment":[{"href":"https:\/\/www.un.org\/sustainabledevelopment\/es\/wp-json\/wp\/v2\/media?parent=1284"}],"wp:term":[{"taxonomy":"category","embeddable":true,"href":"https:\/\/www.un.org\/sustainabledevelopment\/es\/wp-json\/wp\/v2\/categories?post=1284"},{"taxonomy":"post_tag","embeddable":true,"href":"https:\/\/www.un.org\/sustainabledevelopment\/es\/wp-json\/wp\/v2\/tags?post=1284"}],"curies":[{"name":"wp","href":"https:\/\/api.w.org\/{rel}","templated":true}]}}