  {"id":1433,"date":"2015-03-23T11:05:19","date_gmt":"2015-03-23T15:05:19","guid":{"rendered":"http:\/\/www.un.org\/sustainabledevelopment\/es\/?p=1433"},"modified":"2017-11-13T16:03:11","modified_gmt":"2017-11-13T21:03:11","slug":"inspirado-por-la-cumbre-de-las-naciones-unidas-sobre-el-clima-un-artista-frances-ha-realizado-100-retratos-de-lideres-que-piden-que-se-adopten-medidas-contra-el-cambio-climatico","status":"publish","type":"post","link":"https:\/\/www.un.org\/sustainabledevelopment\/es\/2015\/03\/inspirado-por-la-cumbre-de-las-naciones-unidas-sobre-el-clima-un-artista-frances-ha-realizado-100-retratos-de-lideres-que-piden-que-se-adopten-medidas-contra-el-cambio-climatico\/","title":{"rendered":"Inspirado por la Cumbre de las Naciones Unidas sobre el Clima, un artista franc\u00e9s ha realizado 100 retratos de l\u00edderes que piden que se adopten medidas contra el cambio clim\u00e1tico"},"content":{"rendered":"<p>Inspirado por la Cumbre de las Naciones Unidas sobre el Clima, un artista franc\u00e9s ha realizado 100 retratos de l\u00edderes que piden que se adopten medidas contra el cambio clim\u00e1tico. Yann Toma, artista contempor\u00e1neo franc\u00e9s, fue uno de los pocos artistas que asisti\u00f3 como \u201cobservador\u201d a la Cumbre de las Naciones Unidas sobre el Clima celebrada el a\u00f1o pasado. A lo largo del d\u00eda, pudo escuchar muchos de los discursos pronunciados por l\u00edderes mundiales, celebridades y miembros de la sociedad civil, todos los cuales expresaron su preocupaci\u00f3n por las consecuencias que estaba teniendo el cambio clim\u00e1tico en la vida de las personas.<\/p>\n<p>El Sr. Toma retrat\u00f3 in situ a los oradores durante sus intervenciones. El resultado son 100 retratos dibujados a mano que componen una muestra de las declaraciones realizadas por Jefes de Estado, funcionarios de las Naciones Unidas y dirigentes ind\u00edgenas.<\/p>\n<p>\u00abMe impresion\u00f3 mucho el hecho de que todas estas personas se reunieran para hacer un llamamiento a la acci\u00f3n y, mientras escuchaba, hice estos dibujos. Esta ha sido una gran fuente de inspiraci\u00f3n\u00bb afirm\u00f3 el Sr. Torma.<\/p>\n<p>Su intenci\u00f3n, a\u00f1adi\u00f3, era mostrar unas junto a otras las en\u00e9rgicas declaraciones de diferentes personajes, de modo que la gente pudiese apreciar los distintos puntos de vista sobre esta cuesti\u00f3n y alzar la voz en nombre de las v\u00edctimas de este fen\u00f3meno.<\/p>\n<div class=\"kiwi-tweetthis\">\n<p class=\"text\">Inspirado por @Ä¢¹½ÊÓÆµClimateSummit, @YannToma dibuj\u00f3 100 retratos de l\u00edderes que instaron a combatir el cambio clim\u00e1tico #action2015 http:\/\/tinyurl.com\/omdmaz9<\/p>\n<p><a class=\"twitter-share-button\" href=\"https:\/\/twitter.com\/share\">Tweet<\/a><\/p>\n<\/div>\n<p>El Sr. Toma prepara en la actualidad una gran instalaci\u00f3n en la Torre Eiffel, que se presentar\u00e1 durante la semana de negociaciones sobre el clima que se celebrar\u00e1 en Par\u00eds en el mes de diciembre. El objetivo del proyecto es iluminar la Torre Eiffel utilizando energ\u00eda humana.<\/p>\n<p>&nbsp;<\/p>\n<div class=\"fusion-fullwidth fullwidth-box fusion-builder-row-1 hundred-percent-fullwidth non-hundred-percent-height-scrolling\" style=\"--awb-border-radius-top-left:0px;--awb-border-radius-top-right:0px;--awb-border-radius-bottom-right:0px;--awb-border-radius-bottom-left:0px;--awb-overflow:visible;--awb-flex-wrap:wrap;\" ><div class=\"fusion-builder-row fusion-row\"><div class=\"fusion-layout-column fusion_builder_column fusion-builder-column-0 fusion_builder_column_1_1 1_1 fusion-one-full fusion-column-first fusion-column-last fusion-column-no-min-height\" style=\"--awb-bg-size:cover;--awb-margin-bottom:0px;\"><div class=\"fusion-column-wrapper fusion-flex-column-wrapper-legacy\"><div id=\"attachment_1421\" style=\"width: 589px\" class=\"wp-caption alignnone\"><a href=\"http:\/\/www.un.org\/sustainabledevelopment\/es\/wp-content\/uploads\/sites\/3\/2015\/03\/Christina-FIGUERES.png\"><img decoding=\"async\" aria-describedby=\"caption-attachment-1421\" class=\"size-full wp-image-1421\" src=\"http:\/\/www.un.org\/sustainabledevelopment\/es\/wp-content\/uploads\/sites\/3\/2015\/03\/Christina-FIGUERES.png\" alt=\"Sra. Christiana Figueres, Secretaria Ejecutiva de la Convenci\u00f3n Marco de las Naciones Unidas sobre el Cambio Clim\u00e1tico: \u00abLos Gobiernos est\u00e1n ahora reaccionando con mayor celeridad; debemos encontrar soluciones y aplicarlas\u00bb.\" width=\"579\" height=\"441\" srcset=\"https:\/\/www.un.org\/sustainabledevelopment\/wp-content\/uploads\/sites\/3\/2015\/03\/Christina-FIGUERES-180x138.png 180w, https:\/\/www.un.org\/sustainabledevelopment\/wp-content\/uploads\/sites\/3\/2015\/03\/Christina-FIGUERES-300x228.png 300w, https:\/\/www.un.org\/sustainabledevelopment\/wp-content\/uploads\/sites\/3\/2015\/03\/Christina-FIGUERES.png 579w\" sizes=\"(max-width: 579px) 100vw, 579px\" \/><\/a><p id=\"caption-attachment-1421\" class=\"wp-caption-text\">Sra. Christiana Figueres, Secretaria Ejecutiva de la Convenci\u00f3n Marco de las Naciones Unidas sobre el Cambio Clim\u00e1tico: \u00abLos Gobiernos est\u00e1n ahora reaccionando con mayor celeridad; debemos encontrar soluciones y aplicarlas\u00bb. Foto Yann Toma, 2015, ADAGP<\/p><\/div>\n<p>&nbsp;<\/p>\n<div class=\"fusion-clearfix\"><\/div><\/div><\/div><div class=\"fusion-layout-column fusion_builder_column fusion-builder-column-1 fusion_builder_column_1_1 1_1 fusion-one-full fusion-column-first fusion-column-last fusion-column-no-min-height\" style=\"--awb-bg-size:cover;--awb-margin-bottom:0px;\"><div class=\"fusion-column-wrapper fusion-flex-column-wrapper-legacy\"><div id=\"attachment_1425\" style=\"width: 589px\" class=\"wp-caption alignnone\"><a href=\"http:\/\/www.un.org\/sustainabledevelopment\/es\/wp-content\/uploads\/sites\/3\/2015\/03\/Vanuatu-chief.png\"><img decoding=\"async\" aria-describedby=\"caption-attachment-1425\" class=\"size-full wp-image-1425\" src=\"http:\/\/www.un.org\/sustainabledevelopment\/es\/wp-content\/uploads\/sites\/3\/2015\/03\/Vanuatu-chief.png\" alt=\"Jefe Skardu de Vanuatu: \u00abEste es un llamamiento urgente. Vanuatu est\u00e1 sufriendo los efectos de los ciclones\u00bb.\" width=\"579\" height=\"434\" srcset=\"https:\/\/www.un.org\/sustainabledevelopment\/wp-content\/uploads\/sites\/3\/2015\/03\/Vanuatu-chief-300x225.png 300w, https:\/\/www.un.org\/sustainabledevelopment\/wp-content\/uploads\/sites\/3\/2015\/03\/Vanuatu-chief.png 579w\" sizes=\"(max-width: 579px) 100vw, 579px\" \/><\/a><p id=\"caption-attachment-1425\" class=\"wp-caption-text\">Jefe Skardu de Vanuatu: \u00abEste es un llamamiento urgente. Vanuatu est\u00e1 sufriendo los efectos de los ciclones\u00bb. Foto Yann Toma Mars, 2015, ADAGP<\/p><\/div>\n<p>&nbsp;<\/p>\n<div class=\"fusion-clearfix\"><\/div><\/div><\/div><div class=\"fusion-layout-column fusion_builder_column fusion-builder-column-2 fusion_builder_column_1_1 1_1 fusion-one-full fusion-column-first fusion-column-last fusion-column-no-min-height\" style=\"--awb-bg-size:cover;--awb-margin-bottom:0px;\"><div class=\"fusion-column-wrapper fusion-flex-column-wrapper-legacy\"><div id=\"attachment_1429\" style=\"width: 589px\" class=\"wp-caption alignnone\"><a href=\"http:\/\/www.un.org\/sustainabledevelopment\/es\/wp-content\/uploads\/sites\/3\/2015\/03\/Leonardo-DiCaprio.png\"><img decoding=\"async\" aria-describedby=\"caption-attachment-1429\" class=\"size-full wp-image-1429\" src=\"http:\/\/www.un.org\/sustainabledevelopment\/es\/wp-content\/uploads\/sites\/3\/2015\/03\/Leonardo-DiCaprio.png\" alt=\"Sr. Leonardo DiCaprio, actor y Mensajero de la Paz contra el Cambio Clim\u00e1tico: \u00abSi se destruyen nuestros ecosistemas ser\u00e1 por nuestra falta de valor. En sus manos est\u00e1 entrar en la Historia\u00bb. Foto Yann Toma, 2014, ADAGP\" width=\"579\" height=\"435\" srcset=\"https:\/\/www.un.org\/sustainabledevelopment\/wp-content\/uploads\/sites\/3\/2015\/03\/Leonardo-DiCaprio-300x225.png 300w, https:\/\/www.un.org\/sustainabledevelopment\/wp-content\/uploads\/sites\/3\/2015\/03\/Leonardo-DiCaprio.png 579w\" sizes=\"(max-width: 579px) 100vw, 579px\" \/><\/a><p id=\"caption-attachment-1429\" class=\"wp-caption-text\">Sr. Leonardo DiCaprio, actor y Mensajero de la Paz contra el Cambio Clim\u00e1tico: \u00abSi se destruyen nuestros ecosistemas ser\u00e1 por nuestra falta de valor. En sus manos est\u00e1 entrar en la Historia\u00bb. Foto Yann Toma, 2014, ADAGP<\/p><\/div>\n<p>&nbsp;<\/p>\n<p>&nbsp;<div class=\"fusion-clearfix\"><\/div><\/div><\/div><\/div><\/div>\n","protected":false},"excerpt":{"rendered":"<p>Inspirado por la Cumbre de las Naciones Unidas sobre el  [&#8230;]<\/p>\n","protected":false},"author":37,"featured_media":1437,"comment_status":"closed","ping_status":"closed","sticky":false,"template":"","format":"standard","meta":{"_et_pb_use_builder":"","_et_pb_old_content":"","_et_gb_content_width":"","footnotes":""},"categories":[5,16],"tags":[],"class_list":["post-1433","post","type-post","status-publish","format-standard","has-post-thumbnail","hentry","category-climate-change","category-news"],"_links":{"self":[{"href":"https:\/\/www.un.org\/sustainabledevelopment\/es\/wp-json\/wp\/v2\/posts\/1433","targetHints":{"allow":["GET"]}}],"collection":[{"href":"https:\/\/www.un.org\/sustainabledevelopment\/es\/wp-json\/wp\/v2\/posts"}],"about":[{"href":"https:\/\/www.un.org\/sustainabledevelopment\/es\/wp-json\/wp\/v2\/types\/post"}],"author":[{"embeddable":true,"href":"https:\/\/www.un.org\/sustainabledevelopment\/es\/wp-json\/wp\/v2\/users\/37"}],"replies":[{"embeddable":true,"href":"https:\/\/www.un.org\/sustainabledevelopment\/es\/wp-json\/wp\/v2\/comments?post=1433"}],"version-history":[{"count":0,"href":"https:\/\/www.un.org\/sustainabledevelopment\/es\/wp-json\/wp\/v2\/posts\/1433\/revisions"}],"wp:featuredmedia":[{"embeddable":true,"href":"https:\/\/www.un.org\/sustainabledevelopment\/es\/wp-json\/wp\/v2\/media\/1437"}],"wp:attachment":[{"href":"https:\/\/www.un.org\/sustainabledevelopment\/es\/wp-json\/wp\/v2\/media?parent=1433"}],"wp:term":[{"taxonomy":"category","embeddable":true,"href":"https:\/\/www.un.org\/sustainabledevelopment\/es\/wp-json\/wp\/v2\/categories?post=1433"},{"taxonomy":"post_tag","embeddable":true,"href":"https:\/\/www.un.org\/sustainabledevelopment\/es\/wp-json\/wp\/v2\/tags?post=1433"}],"curies":[{"name":"wp","href":"https:\/\/api.w.org\/{rel}","templated":true}]}}