  {"id":1526,"date":"2015-04-01T09:33:32","date_gmt":"2015-04-01T13:33:32","guid":{"rendered":"http:\/\/www.un.org\/sustainabledevelopment\/es\/?p=1526"},"modified":"2017-11-13T16:03:05","modified_gmt":"2017-11-13T21:03:05","slug":"fao-y-mali-se-unen-con-el-objetivo-de-restaurar-la-seguridad-alimentaria-en-el-norte-del-pais","status":"publish","type":"post","link":"https:\/\/www.un.org\/sustainabledevelopment\/es\/2015\/04\/fao-y-mali-se-unen-con-el-objetivo-de-restaurar-la-seguridad-alimentaria-en-el-norte-del-pais\/","title":{"rendered":"FAO y Mali se unen con el objetivo de restaurar la seguridad alimentaria en el norte del pa\u00eds"},"content":{"rendered":"<p>01 de abril de 2015 \u2014 El director general de la Organizaci\u00f3n de las Naciones Unidas para la Alimentaci\u00f3n y la Agricultura (FAO), Jos\u00e9 Graziano da Silva, conjuntamente con el ministro para el desarrollo rural de Mali, Bokari Treta, anunciaron este mi\u00e9rcoles la implementaci\u00f3n de un proyecto destinado a restaurar las condiciones de vida de las familias afectadas por los conflictos armados y el cambio clim\u00e1tico, en la zona norte del pa\u00eds.<\/p>\n<p>El Plan, que asciende a un monto de 5 millones de d\u00f3lares, busca restaurar las condiciones de producci\u00f3n agr\u00edcola de las familias en las regiones de Gao, Mopti y Timbuktu. Las acciones a implementar servir\u00e1n para reiniciar la producci\u00f3n hort\u00edcola y alimentaria de 25.000 hogares; as\u00ed como la provisi\u00f3n de alimentos y productos veterinarios para el ganado de 8.000 familias de pastores.<\/p>\n<p>Adem\u00e1s, las familias beneficiadas recibir\u00e1n capacitaci\u00f3n en agricultura con especial \u00e9nfasis en las necesidades de los grupos de mujeres dedicadas a la horticultura.<\/p>\n<blockquote><p>Graziano da Silva afirm\u00f3 que \u00abeste trabajo representa una contribuci\u00f3n al proceso de paz en Mal\u00ed, porque sin seguridad no puede haber seguridad alimentaria y donde hay inseguridad alimentaria, los conflictos a menudo entran en erupci\u00f3n\u00bb. <\/p><\/blockquote>\n<p>Por su parte, el ministro Treta a\u00f1adi\u00f3 que el objetivo a alcanzar es alimentar a 16 millones de malienses.<\/p>\n<p>Este proyecto forma parte del programa de recuperaci\u00f3n y reconstrucci\u00f3n econ\u00f3mica de Mali financiado con 100 millones de d\u00f3lares por el Banco Mundial.<\/p>\n<p><a href=\"http:\/\/www.un.org\/spanish\/News\/story.asp?NewsID=32035\" title=\"FAO y Mali se unen con el objetivo de restaurar la seguridad alimentaria en el norte del pa\u00eds\" target=\"_blank\">Centro de noticias de la ONU<\/a><\/p>\n","protected":false},"excerpt":{"rendered":"<p>01 de abril de 2015 \u2014 El director general de  [&#8230;]<\/p>\n","protected":false},"author":37,"featured_media":1531,"comment_status":"closed","ping_status":"closed","sticky":false,"template":"","format":"standard","meta":{"_et_pb_use_builder":"","_et_pb_old_content":"","_et_gb_content_width":"","footnotes":""},"categories":[41,16],"tags":[],"class_list":["post-1526","post","type-post","status-publish","format-standard","has-post-thumbnail","hentry","category-agricultura-y-medios-de-vida","category-news"],"_links":{"self":[{"href":"https:\/\/www.un.org\/sustainabledevelopment\/es\/wp-json\/wp\/v2\/posts\/1526","targetHints":{"allow":["GET"]}}],"collection":[{"href":"https:\/\/www.un.org\/sustainabledevelopment\/es\/wp-json\/wp\/v2\/posts"}],"about":[{"href":"https:\/\/www.un.org\/sustainabledevelopment\/es\/wp-json\/wp\/v2\/types\/post"}],"author":[{"embeddable":true,"href":"https:\/\/www.un.org\/sustainabledevelopment\/es\/wp-json\/wp\/v2\/users\/37"}],"replies":[{"embeddable":true,"href":"https:\/\/www.un.org\/sustainabledevelopment\/es\/wp-json\/wp\/v2\/comments?post=1526"}],"version-history":[{"count":0,"href":"https:\/\/www.un.org\/sustainabledevelopment\/es\/wp-json\/wp\/v2\/posts\/1526\/revisions"}],"wp:featuredmedia":[{"embeddable":true,"href":"https:\/\/www.un.org\/sustainabledevelopment\/es\/wp-json\/wp\/v2\/media\/1531"}],"wp:attachment":[{"href":"https:\/\/www.un.org\/sustainabledevelopment\/es\/wp-json\/wp\/v2\/media?parent=1526"}],"wp:term":[{"taxonomy":"category","embeddable":true,"href":"https:\/\/www.un.org\/sustainabledevelopment\/es\/wp-json\/wp\/v2\/categories?post=1526"},{"taxonomy":"post_tag","embeddable":true,"href":"https:\/\/www.un.org\/sustainabledevelopment\/es\/wp-json\/wp\/v2\/tags?post=1526"}],"curies":[{"name":"wp","href":"https:\/\/api.w.org\/{rel}","templated":true}]}}