  {"id":1536,"date":"2015-04-02T10:03:29","date_gmt":"2015-04-02T14:03:29","guid":{"rendered":"http:\/\/www.un.org\/sustainabledevelopment\/es\/?p=1536"},"modified":"2017-11-13T16:03:05","modified_gmt":"2017-11-13T21:03:05","slug":"ban-pide-a-empresas-y-gobiernos-incorporar-a-autistas-al-mercado-laboral","status":"publish","type":"post","link":"https:\/\/www.un.org\/sustainabledevelopment\/es\/2015\/04\/ban-pide-a-empresas-y-gobiernos-incorporar-a-autistas-al-mercado-laboral\/","title":{"rendered":"Ban pide a empresas y gobiernos incorporar a autistas al mercado laboral"},"content":{"rendered":"<p>02 de abril de 2015 \u2014 El Secretario General de la ONU afirm\u00f3 que ha llegado el momento de incrementar el acceso y las oportunidades de trabajo para las personas con autismo.<\/p>\n<p>En su mensaje por el <a href=\"http:\/\/www.un.org\/es\/events\/autismday\/\" title=\"D\u00eda Mundial de Concienciaci\u00f3n sobre el Autismo\">D\u00eda Mundial de Concienciaci\u00f3n<\/a> sobre esa condici\u00f3n, Ban Ki-moon asegur\u00f3 que es profundamente alentador constatar el aumento de los servicios p\u00fablicos destinados a muchos de los afectados.<\/p>\n<blockquote><p>\u00abLas personas con autismo tienen un enorme potencial. La mayor\u00eda tiene extraordinarias habilidades visuales, art\u00edsticas o acad\u00e9micas. Gracias al uso de tecnolog\u00edas de apoyo, las personas con autismo no verbal pueden comunicarse y compartir sus capacidades no aparentes. Reconocer el talento de las personas en el espectro autista, m\u00e1s que centrarse en sus debilidades, es esencial para crear una sociedad que sea verdaderamente inclusiva\u00bb, se\u00f1al\u00f3 Ban.<\/p><\/blockquote>\n<p>Sin embargo, reconoci\u00f3 que todav\u00eda es mucho lo que queda por hacer, pues 8 de cada 10 adultos con autismo est\u00e1n desempleados.<\/p>\n<p>Por ello, convoc\u00f3 a empresas, instituciones p\u00fablicas y a la sociedad en general a apoyar m\u00e1s a las personas que viven con esa condici\u00f3n, las cuales seg\u00fan diversos estimados son casi el 1 por ciento de la poblaci\u00f3n mundial.<\/p>\n<p><a href=\"http:\/\/www.un.org\/spanish\/News\/story.asp?NewsID=32040\" title=\"Ban pide a empresas y gobiernos incorporar a autistas al mercado laboral\" target=\"_blank\">Centro de noticias de la ONU<\/a><\/p>\n","protected":false},"excerpt":{"rendered":"<p>02 de abril de 2015 \u2014 El Secretario General de  [&#8230;]<\/p>\n","protected":false},"author":37,"featured_media":1541,"comment_status":"closed","ping_status":"closed","sticky":false,"template":"","format":"standard","meta":{"_et_pb_use_builder":"","_et_pb_old_content":"","_et_gb_content_width":"","footnotes":""},"categories":[16,11],"tags":[],"class_list":["post-1536","post","type-post","status-publish","format-standard","has-post-thumbnail","hentry","category-news","category-health"],"_links":{"self":[{"href":"https:\/\/www.un.org\/sustainabledevelopment\/es\/wp-json\/wp\/v2\/posts\/1536","targetHints":{"allow":["GET"]}}],"collection":[{"href":"https:\/\/www.un.org\/sustainabledevelopment\/es\/wp-json\/wp\/v2\/posts"}],"about":[{"href":"https:\/\/www.un.org\/sustainabledevelopment\/es\/wp-json\/wp\/v2\/types\/post"}],"author":[{"embeddable":true,"href":"https:\/\/www.un.org\/sustainabledevelopment\/es\/wp-json\/wp\/v2\/users\/37"}],"replies":[{"embeddable":true,"href":"https:\/\/www.un.org\/sustainabledevelopment\/es\/wp-json\/wp\/v2\/comments?post=1536"}],"version-history":[{"count":0,"href":"https:\/\/www.un.org\/sustainabledevelopment\/es\/wp-json\/wp\/v2\/posts\/1536\/revisions"}],"wp:featuredmedia":[{"embeddable":true,"href":"https:\/\/www.un.org\/sustainabledevelopment\/es\/wp-json\/wp\/v2\/media\/1541"}],"wp:attachment":[{"href":"https:\/\/www.un.org\/sustainabledevelopment\/es\/wp-json\/wp\/v2\/media?parent=1536"}],"wp:term":[{"taxonomy":"category","embeddable":true,"href":"https:\/\/www.un.org\/sustainabledevelopment\/es\/wp-json\/wp\/v2\/categories?post=1536"},{"taxonomy":"post_tag","embeddable":true,"href":"https:\/\/www.un.org\/sustainabledevelopment\/es\/wp-json\/wp\/v2\/tags?post=1536"}],"curies":[{"name":"wp","href":"https:\/\/api.w.org\/{rel}","templated":true}]}}