  {"id":1571,"date":"2015-04-08T16:26:18","date_gmt":"2015-04-08T20:26:18","guid":{"rendered":"http:\/\/www.un.org\/sustainabledevelopment\/es\/?p=1571"},"modified":"2017-11-13T16:03:04","modified_gmt":"2017-11-13T21:03:04","slug":"ban-apuesta-por-un-desarrollo-mundial-que-cierre-la-brecha-de-inequidad","status":"publish","type":"post","link":"https:\/\/www.un.org\/sustainabledevelopment\/es\/2015\/04\/ban-apuesta-por-un-desarrollo-mundial-que-cierre-la-brecha-de-inequidad\/","title":{"rendered":"Ban apuesta por un desarrollo mundial que cierre la brecha de inequidad"},"content":{"rendered":"<p>8 de abril de 2015 \u2014 Alcanzar las metas de la agenda de desarrollo post 2015 implicar\u00e1 una gran movilizaci\u00f3n de recursos p\u00fablicos y privados, nacionales e internacionales, y ser\u00e1 preciso que todos los sectores de la econom\u00eda participen activamente.<\/p>\n<p>As\u00ed se expres\u00f3 hoy el Secretario General de la ONU al inaugurar la sesi\u00f3n interactiva informal de la Asamblea General previa a la Tercera Conferencia Internacional sobre Financiamiento para el Desarrollo, que se celebrar\u00e1 en Addis Abeba en julio pr\u00f3ximo.<\/p>\n<p>En el encuentro de dos d\u00edas, que cuenta con la participaci\u00f3n de l\u00edderes de negocios y la sociedad civil, Ban Ki-moon se\u00f1al\u00f3 que muchos flujos de capital son vol\u00e1tiles e insuficientes, sobre todo en los pa\u00edses m\u00e1s pobres, por lo que exhort\u00f3 especialmente a los empresarios a apoyar la agenda de desarrollo.<\/p>\n<blockquote><p>\u00abEl mundo necesita un marco de trabajo internacional de financiamiento que sea predecible y efectivo para afrontar los desaf\u00edos y alcanzar el desarrollo sostenible e incluyente\u2026Invitamos al sector privado a ser nuestro socio en el apoyo y financiamiento de esta agenda, mediante alianzas y colaboraci\u00f3n\u00bb, apunt\u00f3.<\/p><\/blockquote>\n<p>Ban record\u00f3 que la reciente crisis financiera global expuso riesgos y vulnerabilidades del sistema financiero internacional y agudiz\u00f3 la desigualdad entre los pa\u00edses. <\/p>\n<p>Agreg\u00f3 que, adem\u00e1s de los asuntos que requieren soluciones urgentes, como la mitigaci\u00f3n y adaptaci\u00f3n al cambio clim\u00e1tico, y la reducci\u00f3n de la p\u00e9rdida de biodiversidad, la comunidad internacional debe estar lista para responder a emergencias inesperadas como el brote de \u00e9bola, que no s\u00f3lo cost\u00f3 miles de vidas, sino que merm\u00f3 la econom\u00eda de los pa\u00edses afectados.<\/p>\n<p>Finalmente, Ban inst\u00f3 a los gobiernos, empresarios y l\u00edderes civiles que acudir\u00e1n a la Conferencia de Addis Abeba a ser creativos y unirse para trabajar por un desarrollo que cierre las brechas de inequidad y beneficie a toda la poblaci\u00f3n.<br \/>\n<a href=\"http:\/\/www.un.org\/spanish\/News\/story.asp?newsID=32074\" title=\"Ban apuesta por un desarrollo mundial que cierre la brecha de inequidad\"><br \/>\nCentro de noticias de la ONU<\/a><\/p>\n","protected":false},"excerpt":{"rendered":"<p>8 de abril de 2015 \u2014 Alcanzar las metas de  [&#8230;]<\/p>\n","protected":false},"author":37,"featured_media":1576,"comment_status":"closed","ping_status":"closed","sticky":false,"template":"","format":"standard","meta":{"_et_pb_use_builder":"","_et_pb_old_content":"","_et_gb_content_width":"","footnotes":""},"categories":[46,33,31],"tags":[],"class_list":["post-1571","post","type-post","status-publish","format-standard","has-post-thumbnail","hentry","category-financiacion-para-el-desarrollo","category-programa-de-desarrollo-sostenible","category-secretario-general"],"_links":{"self":[{"href":"https:\/\/www.un.org\/sustainabledevelopment\/es\/wp-json\/wp\/v2\/posts\/1571","targetHints":{"allow":["GET"]}}],"collection":[{"href":"https:\/\/www.un.org\/sustainabledevelopment\/es\/wp-json\/wp\/v2\/posts"}],"about":[{"href":"https:\/\/www.un.org\/sustainabledevelopment\/es\/wp-json\/wp\/v2\/types\/post"}],"author":[{"embeddable":true,"href":"https:\/\/www.un.org\/sustainabledevelopment\/es\/wp-json\/wp\/v2\/users\/37"}],"replies":[{"embeddable":true,"href":"https:\/\/www.un.org\/sustainabledevelopment\/es\/wp-json\/wp\/v2\/comments?post=1571"}],"version-history":[{"count":0,"href":"https:\/\/www.un.org\/sustainabledevelopment\/es\/wp-json\/wp\/v2\/posts\/1571\/revisions"}],"wp:featuredmedia":[{"embeddable":true,"href":"https:\/\/www.un.org\/sustainabledevelopment\/es\/wp-json\/wp\/v2\/media\/1576"}],"wp:attachment":[{"href":"https:\/\/www.un.org\/sustainabledevelopment\/es\/wp-json\/wp\/v2\/media?parent=1571"}],"wp:term":[{"taxonomy":"category","embeddable":true,"href":"https:\/\/www.un.org\/sustainabledevelopment\/es\/wp-json\/wp\/v2\/categories?post=1571"},{"taxonomy":"post_tag","embeddable":true,"href":"https:\/\/www.un.org\/sustainabledevelopment\/es\/wp-json\/wp\/v2\/tags?post=1571"}],"curies":[{"name":"wp","href":"https:\/\/api.w.org\/{rel}","templated":true}]}}