  {"id":15891,"date":"2017-11-14T08:47:55","date_gmt":"2017-11-14T13:47:55","guid":{"rendered":"http:\/\/www.un.org\/sustainabledevelopment\/es\/?p=15891"},"modified":"2017-11-15T08:50:17","modified_gmt":"2017-11-15T13:50:17","slug":"contar-con-estadisticas-de-calidad-condicion-esencial-para-cumplir-con-los-objetivos-de-desarrollo","status":"publish","type":"post","link":"https:\/\/www.un.org\/sustainabledevelopment\/es\/2017\/11\/contar-con-estadisticas-de-calidad-condicion-esencial-para-cumplir-con-los-objetivos-de-desarrollo\/","title":{"rendered":"Contar con estad\u00edsticas de calidad, condici\u00f3n esencial para cumplir con los Objetivos de Desarrollo"},"content":{"rendered":"<p>Para avanzar hacia un modelo de desarrollo centrado en la igualdad, es indispensable contar con informaci\u00f3n estad\u00edstica independiente, oportuna y pertinente, afirm\u00f3 este martes Alicia B\u00e1rcena, la Secretaria Ejecutiva de la Comisi\u00f3n Econ\u00f3mica para Am\u00e9rica latina y el Caribe (CEPAL).<\/p>\n<p>En ocasi\u00f3n de la apertura de la novena reuni\u00f3n de la Conferencia Estad\u00edstica de las Am\u00e9ricas organizada este a\u00f1o por la CEPAL en la ciudad mexicana de Aguascalientes, la alta funcionaria de las Naciones Unidas subray\u00f3 que tanto la calidad como la relevancia de las estad\u00edsticas son importantes si se quiere alcanzar los Objetivos del Desarrollo Sostenible (ODS) planteados en la Agenda 2030.<\/p>\n<p>La CEPAL busca facilitar un consenso entre los pa\u00edses miembros de la Conferencia respecto del marco regional de indicadores para el seguimiento de los ODS.<\/p>\n<p>\u201cUno de los aspectos m\u00e1s novedosos de esta IX Conferencia es la convergencia entre la comunidad de estad\u00edsticas con la de geograf\u00eda y geom\u00e1tica para avanzar en una mirada regional que integre la informaci\u00f3n censal, demogr\u00e1fica y estad\u00edstica con la territorial\u201d, agreg\u00f3 B\u00e1rcena.<\/p>\n<p>Sostuvo que la conferencia es el mecanismo apropiado para que los pa\u00edses latinoamericanos trabajen juntos para abordar los desaf\u00edos, cerrando en particular las brechas de capacidades que existen en la regi\u00f3n.<\/p>\n<p>Otro reto es el uso de tecnolog\u00eda en los sistemas estad\u00edsticos nacionales de los pa\u00edses de Am\u00e9rica Latina y el Caribe. <\/p>\n<p>La l\u00edder de la CEPAL record\u00f3 que el fortalecimiento de las estad\u00edsticas oficiales en los pa\u00edses de la regi\u00f3n no es solamente responsabilidad de las oficinas nacionales de estad\u00edstica, sino de toda la sociedad y, muy especialmente, del Estado.<\/p>\n<p><a href=\"http:\/\/Contar%20con%20estad\u00edsticas%20de%20calidad,%20condici\u00f3n%20esencial%20para%20cumplir%20con%20los%20Objetivos%20de%20Desarrollo\">Contar con estad\u00edsticas de calidad, condici\u00f3n esencial para cumplir con los Objetivos de Desarrollo<\/a><\/p>\n","protected":false},"excerpt":{"rendered":"<p>Para avanzar hacia un modelo de desarrollo centrado en la  [&#8230;]<\/p>\n","protected":false},"author":34,"featured_media":15894,"comment_status":"closed","ping_status":"closed","sticky":false,"template":"","format":"standard","meta":{"_et_pb_use_builder":"","_et_pb_old_content":"","_et_gb_content_width":"","footnotes":""},"categories":[18,13,14],"tags":[],"class_list":["post-15891","post","type-post","status-publish","format-standard","has-post-thumbnail","hentry","category-partnerships","category-inequality","category-infrastructure"],"_links":{"self":[{"href":"https:\/\/www.un.org\/sustainabledevelopment\/es\/wp-json\/wp\/v2\/posts\/15891","targetHints":{"allow":["GET"]}}],"collection":[{"href":"https:\/\/www.un.org\/sustainabledevelopment\/es\/wp-json\/wp\/v2\/posts"}],"about":[{"href":"https:\/\/www.un.org\/sustainabledevelopment\/es\/wp-json\/wp\/v2\/types\/post"}],"author":[{"embeddable":true,"href":"https:\/\/www.un.org\/sustainabledevelopment\/es\/wp-json\/wp\/v2\/users\/34"}],"replies":[{"embeddable":true,"href":"https:\/\/www.un.org\/sustainabledevelopment\/es\/wp-json\/wp\/v2\/comments?post=15891"}],"version-history":[{"count":0,"href":"https:\/\/www.un.org\/sustainabledevelopment\/es\/wp-json\/wp\/v2\/posts\/15891\/revisions"}],"wp:featuredmedia":[{"embeddable":true,"href":"https:\/\/www.un.org\/sustainabledevelopment\/es\/wp-json\/wp\/v2\/media\/15894"}],"wp:attachment":[{"href":"https:\/\/www.un.org\/sustainabledevelopment\/es\/wp-json\/wp\/v2\/media?parent=15891"}],"wp:term":[{"taxonomy":"category","embeddable":true,"href":"https:\/\/www.un.org\/sustainabledevelopment\/es\/wp-json\/wp\/v2\/categories?post=15891"},{"taxonomy":"post_tag","embeddable":true,"href":"https:\/\/www.un.org\/sustainabledevelopment\/es\/wp-json\/wp\/v2\/tags?post=15891"}],"curies":[{"name":"wp","href":"https:\/\/api.w.org\/{rel}","templated":true}]}}