  {"id":15897,"date":"2017-11-14T08:51:54","date_gmt":"2017-11-14T13:51:54","guid":{"rendered":"http:\/\/www.un.org\/sustainabledevelopment\/es\/?p=15897"},"modified":"2017-11-15T15:00:02","modified_gmt":"2017-11-15T20:00:02","slug":"bonn-el-cambio-climatico-causa-malnutricion-e-inseguridad-alimentaria-millones-de-personas","status":"publish","type":"post","link":"https:\/\/www.un.org\/sustainabledevelopment\/es\/2017\/11\/bonn-el-cambio-climatico-causa-malnutricion-e-inseguridad-alimentaria-millones-de-personas\/","title":{"rendered":"Bonn: El cambio clim\u00e1tico causa malnutricion e inseguridad alimentaria a millones de personas"},"content":{"rendered":"<p>El director general de la FAO se\u00f1al\u00f3 en la conferencia de la ONU sobre el cambio clim\u00e1tico (COP 23) que para disminuir y adaptarse a ese fen\u00f3meno se ha de integrar a todo el sistema alimentario.<\/p>\n<p>Jos\u00e9 Graziano da Silva dijo que las emisiones de gases contaminantes a la atm\u00f3sfera por parte de los sectores agr\u00edcolas aumentar\u00e1n en el futuro, a menos que el mundo adopte formas sostenibles de producci\u00f3n y consumo de alimentos.<\/p>\n<p>El perjuicio que supone el cambio clim\u00e1tico \u201carrastra a millones de personas en un c\u00edrculo vicioso de inseguridad alimentaria, malnutrici\u00f3n y pobreza\u201d, destac\u00f3 Da Silva.<\/p>\n<p>El director general de la FAO se\u00f1al\u00f3 que para disminuir y adaptarse al cambio clim\u00e1tico se ha de integrar a todo el sistema alimentario: de la producci\u00f3n al transporte, de la elaboraci\u00f3n al consumo de alimentos y tanto en las zonas rurales como en las urbanas.<\/p>\n<p>Entre las soluciones propuestas para abordar el problema del hambre y la sostenibilidad, Graziano destac\u00f3 que es necesario reducir la deforestaci\u00f3n, recuperar las tierras y los bosques degradados, acabar con el desperdicio de alimentos y criar ganado con bajas emisiones de carbono.<\/p>\n<p><a href=\"http:\/\/www.un.org\/spanish\/News\/story.asp?NewsID=38425\">Bonn: El cambio clim\u00e1tico causa malnutricion e inseguridad alimentaria a millones de personas<\/a><\/p>\n","protected":false},"excerpt":{"rendered":"<p>El director general de la FAO se\u00f1al\u00f3 en la conferencia  [&#8230;]<\/p>\n","protected":false},"author":34,"featured_media":15900,"comment_status":"closed","ping_status":"closed","sticky":false,"template":"","format":"standard","meta":{"_et_pb_use_builder":"","_et_pb_old_content":"","_et_gb_content_width":"","footnotes":""},"categories":[5,12,20],"tags":[],"class_list":["post-15897","post","type-post","status-publish","format-standard","has-post-thumbnail","hentry","category-climate-change","category-hunger","category-poverty"],"_links":{"self":[{"href":"https:\/\/www.un.org\/sustainabledevelopment\/es\/wp-json\/wp\/v2\/posts\/15897","targetHints":{"allow":["GET"]}}],"collection":[{"href":"https:\/\/www.un.org\/sustainabledevelopment\/es\/wp-json\/wp\/v2\/posts"}],"about":[{"href":"https:\/\/www.un.org\/sustainabledevelopment\/es\/wp-json\/wp\/v2\/types\/post"}],"author":[{"embeddable":true,"href":"https:\/\/www.un.org\/sustainabledevelopment\/es\/wp-json\/wp\/v2\/users\/34"}],"replies":[{"embeddable":true,"href":"https:\/\/www.un.org\/sustainabledevelopment\/es\/wp-json\/wp\/v2\/comments?post=15897"}],"version-history":[{"count":0,"href":"https:\/\/www.un.org\/sustainabledevelopment\/es\/wp-json\/wp\/v2\/posts\/15897\/revisions"}],"wp:featuredmedia":[{"embeddable":true,"href":"https:\/\/www.un.org\/sustainabledevelopment\/es\/wp-json\/wp\/v2\/media\/15900"}],"wp:attachment":[{"href":"https:\/\/www.un.org\/sustainabledevelopment\/es\/wp-json\/wp\/v2\/media?parent=15897"}],"wp:term":[{"taxonomy":"category","embeddable":true,"href":"https:\/\/www.un.org\/sustainabledevelopment\/es\/wp-json\/wp\/v2\/categories?post=15897"},{"taxonomy":"post_tag","embeddable":true,"href":"https:\/\/www.un.org\/sustainabledevelopment\/es\/wp-json\/wp\/v2\/tags?post=15897"}],"curies":[{"name":"wp","href":"https:\/\/api.w.org\/{rel}","templated":true}]}}