  {"id":15942,"date":"2017-11-15T14:24:48","date_gmt":"2017-11-15T19:24:48","guid":{"rendered":"http:\/\/www.un.org\/sustainabledevelopment\/es\/?p=15942"},"modified":"2017-11-15T14:24:48","modified_gmt":"2017-11-15T19:24:48","slug":"bonn-guterres-pide-mas-ambicion-y-liderazgo-en-la-lucha-contra-el-cambio-climatico","status":"publish","type":"post","link":"https:\/\/www.un.org\/sustainabledevelopment\/es\/2017\/11\/bonn-guterres-pide-mas-ambicion-y-liderazgo-en-la-lucha-contra-el-cambio-climatico\/","title":{"rendered":"Bonn: Guterres pide m\u00e1s ambici\u00f3n y liderazgo en la lucha contra el cambio clim\u00e1tico"},"content":{"rendered":"<p>El Secretario General de la ONU pidi\u00f3 este mi\u00e9rcoles m\u00e1s ambici\u00f3n, m\u00e1s liderazgo y m\u00e1s alianzas para enfrentar el cambio clim\u00e1tico ante la Conferencia de las Naciones Unidas sobre el Clima (COP23) en Bonn, Alemania. <\/p>\n<blockquote><p>\u201cNecesitamos m\u00e1s ambici\u00f3n, tenemos que ir m\u00e1s lejos y m\u00e1s r\u00e1pido juntos. Ya estamos sintiendo los efectos catastr\u00f3ficos del cambio clim\u00e1tico\u201d, asegur\u00f3 Ant\u00f3nio Guterres durante el discurso de apertura del segmento de alto nivel al que asistieron jefes de Estado, entre ellos los presidentes de Alemania, de Francia y de Fiji, pa\u00eds que preside la conferencia.<\/p><\/blockquote>\n<p>El titular de la ONU, resalt\u00f3 que hab\u00eda que poner un mayor esfuerzo en las cuestiones de emisiones, adaptaci\u00f3n, financiaci\u00f3n, alianzas y liderazgo.<\/p>\n<blockquote><p>\u201cNo puedo pensar en una mejor manera de demostrarle a su gente que se preocupan por ellos que asumir el liderazgo en la lucha contra el cambio clim\u00e1tico. Muestren coraje al combatir intereses encontrados, muestren sabidur\u00eda al invertir en las oportunidades del futuro, muestren compasi\u00f3n al preocuparse por el tipo de mundo que construimos para nuestros hijos. Como ex pol\u00edtico, no tengo dudas de que, en la actualidad, este es el camino para el progreso y para dejar un legado significativo para el ma\u00f1ana\u201d, se\u00f1al\u00f3 Guterres.<\/p><\/blockquote>\n<p>La conferencia de dos semanas, que concluye el viernes, tiene lugar un a\u00f1o despu\u00e9s de la entrada en vigor del Acuerdo de Par\u00eds sobre el cambio clim\u00e1tico.<\/p>\n<p>El tratado llama a los pa\u00edses a combatir este fen\u00f3meno limitando el aumento de las temperaturas globales a menos de 2\u00ba C.<\/p>\n<p><a href=\"http:\/\/www.un.org\/spanish\/News\/story.asp?NewsID=38434\">Bonn: Guterres pide m\u00e1s ambici\u00f3n y liderazgo en la lucha contra el cambio clim\u00e1tico<\/a><\/p>\n","protected":false},"excerpt":{"rendered":"<p>El Secretario General de la ONU pidi\u00f3 este mi\u00e9rcoles m\u00e1s  [&#8230;]<\/p>\n","protected":false},"author":34,"featured_media":15945,"comment_status":"closed","ping_status":"closed","sticky":false,"template":"","format":"standard","meta":{"_et_pb_use_builder":"","_et_pb_old_content":"","_et_gb_content_width":"","footnotes":""},"categories":[5],"tags":[],"class_list":["post-15942","post","type-post","status-publish","format-standard","has-post-thumbnail","hentry","category-climate-change"],"_links":{"self":[{"href":"https:\/\/www.un.org\/sustainabledevelopment\/es\/wp-json\/wp\/v2\/posts\/15942","targetHints":{"allow":["GET"]}}],"collection":[{"href":"https:\/\/www.un.org\/sustainabledevelopment\/es\/wp-json\/wp\/v2\/posts"}],"about":[{"href":"https:\/\/www.un.org\/sustainabledevelopment\/es\/wp-json\/wp\/v2\/types\/post"}],"author":[{"embeddable":true,"href":"https:\/\/www.un.org\/sustainabledevelopment\/es\/wp-json\/wp\/v2\/users\/34"}],"replies":[{"embeddable":true,"href":"https:\/\/www.un.org\/sustainabledevelopment\/es\/wp-json\/wp\/v2\/comments?post=15942"}],"version-history":[{"count":0,"href":"https:\/\/www.un.org\/sustainabledevelopment\/es\/wp-json\/wp\/v2\/posts\/15942\/revisions"}],"wp:featuredmedia":[{"embeddable":true,"href":"https:\/\/www.un.org\/sustainabledevelopment\/es\/wp-json\/wp\/v2\/media\/15945"}],"wp:attachment":[{"href":"https:\/\/www.un.org\/sustainabledevelopment\/es\/wp-json\/wp\/v2\/media?parent=15942"}],"wp:term":[{"taxonomy":"category","embeddable":true,"href":"https:\/\/www.un.org\/sustainabledevelopment\/es\/wp-json\/wp\/v2\/categories?post=15942"},{"taxonomy":"post_tag","embeddable":true,"href":"https:\/\/www.un.org\/sustainabledevelopment\/es\/wp-json\/wp\/v2\/tags?post=15942"}],"curies":[{"name":"wp","href":"https:\/\/api.w.org\/{rel}","templated":true}]}}