  {"id":16105,"date":"2017-11-20T11:22:34","date_gmt":"2017-11-20T16:22:34","guid":{"rendered":"http:\/\/www.un.org\/sustainabledevelopment\/es\/?p=16105"},"modified":"2017-11-21T11:24:54","modified_gmt":"2017-11-21T16:24:54","slug":"se-necesita-hacer-mas-para-garantizar-el-empleo-digno-y-decente-los-jovenes","status":"publish","type":"post","link":"https:\/\/www.un.org\/sustainabledevelopment\/es\/2017\/11\/se-necesita-hacer-mas-para-garantizar-el-empleo-digno-y-decente-los-jovenes\/","title":{"rendered":"Se necesita hacer m\u00e1s para garantizar el empleo digno y decente a los j\u00f3venes"},"content":{"rendered":"<p>La persistencia del desempleo y la falta de oportunidades de calidad contin\u00faan obstaculizando la b\u00fasqueda de trabajo decente entre los j\u00f3venes, revel\u00f3 un nuevo informe de la Organizaci\u00f3n Internacional del Trabajo (OIT) este lunes. <\/p>\n<p>Los j\u00f3venes representan m\u00e1s del 35% de la poblaci\u00f3n desempleada en el mundo, y la tasa de desempleo juvenil actualmente asciende al 13%. Un n\u00famero que la OIT prev\u00e9 aumentar\u00e1 para 2018.<\/p>\n<p>A nivel mundial, un considerable aumento del desempleo juvenil entre 2010 y 2016 en el norte de \u00c1frica, los Estados \u00e1rabes, y Am\u00e9rica Latina y el Caribe, ha sido contrarrestado por mejoras en el mercado de trabajo en Europa, Norteam\u00e9rica y \u00c1frica Subsahariana.<\/p>\n<blockquote><p>\u201cEn promedio las personas j\u00f3venes son tres veces m\u00e1s propensas a estar desempleados que los adultos, este n\u00famero no ha cambiado casi en los pasados 10 a\u00f1os, demostrando los grandes desaf\u00edos que enfrentan los j\u00f3venes para entrar al mercado laboral\u201d, declar\u00f3 Azita Berar Awad, directora del departamento de empleo de la OIT.<\/p><\/blockquote>\n<p>El informe se\u00f1ala adem\u00e1s las persistentes vulnerabilidades que afectan a las mujeres j\u00f3venes en el mercado laboral. Del 21.8% de los j\u00f3venes que no est\u00e1n empleados ni est\u00e1n estudiando o form\u00e1ndose, m\u00e1s de tres cuartas partes son mujeres.<\/p>\n<blockquote><p>\u201cA nivel mundial, la tasa de mujeres en esta situaci\u00f3n es de 34.4% comparado a un 9.8% de los hombres. Podemos ver una gran brecha de g\u00e9nero en estas cifras\u201d agrega Azita.<\/p><\/blockquote>\n<p>Asimismo, muchos j\u00f3venes dependen de la econom\u00eda informal como medio de subsistencia. A nivel mundial, tres de cada cuatro mujeres y hombres j\u00f3venes, est\u00e1n empleados en la econom\u00eda informal, frente a tres de cada cinco adultos. En los pa\u00edses en desarrollo, la cifra llega hasta 9 de cada 10 mujeres y hombres j\u00f3venes.<\/p>\n<p>Para la OIT, el problema del empleo juvenil no solo consiste en crear m\u00e1s oportunidades sino mejorar tambi\u00e9n la calidad del trabajo y el empleo decente.<\/p>\n<p>El informe de la Organizaci\u00f3n recomienda la creaci\u00f3n de asociaciones e intensificar la acci\u00f3n a favor del empleo juvenil en apoyo a la Agenda 2030 de Desarrollo Sostenible.<\/p>\n<p><a href=\"http:\/\/www.un.org\/spanish\/News\/story.asp?NewsID=38464\">Noticias ONU<\/a><\/p>\n","protected":false},"excerpt":{"rendered":"<p>La persistencia del desempleo y la falta de oportunidades de  [&#8230;]<\/p>\n","protected":false},"author":34,"featured_media":16109,"comment_status":"closed","ping_status":"closed","sticky":false,"template":"","format":"standard","meta":{"_et_pb_use_builder":"","_et_pb_old_content":"","_et_gb_content_width":"","footnotes":""},"categories":[6],"tags":[],"class_list":["post-16105","post","type-post","status-publish","format-standard","has-post-thumbnail","hentry","category-economic-growth"],"_links":{"self":[{"href":"https:\/\/www.un.org\/sustainabledevelopment\/es\/wp-json\/wp\/v2\/posts\/16105","targetHints":{"allow":["GET"]}}],"collection":[{"href":"https:\/\/www.un.org\/sustainabledevelopment\/es\/wp-json\/wp\/v2\/posts"}],"about":[{"href":"https:\/\/www.un.org\/sustainabledevelopment\/es\/wp-json\/wp\/v2\/types\/post"}],"author":[{"embeddable":true,"href":"https:\/\/www.un.org\/sustainabledevelopment\/es\/wp-json\/wp\/v2\/users\/34"}],"replies":[{"embeddable":true,"href":"https:\/\/www.un.org\/sustainabledevelopment\/es\/wp-json\/wp\/v2\/comments?post=16105"}],"version-history":[{"count":0,"href":"https:\/\/www.un.org\/sustainabledevelopment\/es\/wp-json\/wp\/v2\/posts\/16105\/revisions"}],"wp:featuredmedia":[{"embeddable":true,"href":"https:\/\/www.un.org\/sustainabledevelopment\/es\/wp-json\/wp\/v2\/media\/16109"}],"wp:attachment":[{"href":"https:\/\/www.un.org\/sustainabledevelopment\/es\/wp-json\/wp\/v2\/media?parent=16105"}],"wp:term":[{"taxonomy":"category","embeddable":true,"href":"https:\/\/www.un.org\/sustainabledevelopment\/es\/wp-json\/wp\/v2\/categories?post=16105"},{"taxonomy":"post_tag","embeddable":true,"href":"https:\/\/www.un.org\/sustainabledevelopment\/es\/wp-json\/wp\/v2\/tags?post=16105"}],"curies":[{"name":"wp","href":"https:\/\/api.w.org\/{rel}","templated":true}]}}