  {"id":1611,"date":"2015-04-10T11:55:41","date_gmt":"2015-04-10T15:55:41","guid":{"rendered":"http:\/\/www.un.org\/sustainabledevelopment\/es\/?p=1611"},"modified":"2017-11-13T16:03:04","modified_gmt":"2017-11-13T21:03:04","slug":"ban-ki-moon-en-la-inauguracion-de-la-vii-cumbre-de-las-americas","status":"publish","type":"post","link":"https:\/\/www.un.org\/sustainabledevelopment\/es\/2015\/04\/ban-ki-moon-en-la-inauguracion-de-la-vii-cumbre-de-las-americas\/","title":{"rendered":"Ban Ki-moon en la  inauguraci\u00f3n de la VII Cumbre de las Am\u00e9ricas"},"content":{"rendered":"<p>10 de abril de 2015 \u2014 El Secretario General de Naciones Unidas se encuentra en Panam\u00e1, donde participar\u00e1 hoy en la inauguraci\u00f3n de la VII Cumbre de las Am\u00e9ricas.<\/p>\n<p>Durante esta visita, Ban Ki-moon celebrar\u00e1 diversas reuniones bilaterales para intercambiar ideas sobre el futuro de la organizaci\u00f3n y su impacto en el desarrollo de la regi\u00f3n. Una de ellas ser\u00e1 con el presidente de Panam\u00e1, Juan Carlos Varela.<\/p>\n<p>Se trata de la segunda misi\u00f3n oficial del titular de la ONU en Panam\u00e1, una se\u00f1al de la creciente presencia del organismo en Am\u00e9rica Latina, nueve a\u00f1os despu\u00e9s de que la ONU declarara el pa\u00eds como un Centro Regional.<\/p>\n<p>El tema de este a\u00f1o de la Cumbre de las Am\u00e9ricas, que durar\u00e1 hasta el 11 de abril, es \u201cProsperidad para la igualdad: el desaf\u00edo de la cooperaci\u00f3n en las Am\u00e9ricas\u201d. Entre los temas que se debatir\u00e1n destacan la salud, la educaci\u00f3n, el medio ambiente, la energ\u00eda, la seguridad y la migraci\u00f3n.<\/p>\n<p>Dentro del marco de la Cumbre, se celebrar\u00e1n cuatro foros que reunir\u00e1n a representantes de la sociedad civil, j\u00f3venes, emprendedores y representantes de universidades de todos los pa\u00edses participantes, para tratar los mismos temas que abordar\u00e1n los presidentes que acudan al evento, para poder presentar recomendaciones a los gobiernos.<\/p>\n<p>Panam\u00e1 ha introducido varias innovaciones en la Cumbre como, por ejemplo, la invitaci\u00f3n, por primera vez, de todos los jefes de Estado de las Am\u00e9ricas, incluyendo los de Cuba y Estados Unidos.<\/p>\n<p><a href=\"http:\/\/www.un.org\/spanish\/News\/story.asp?NewsID=32104\" title=\"Ban Ki-moon en la  inauguraci\u00f3n de la VII Cumbre de las Am\u00e9ricas\">Centro de noticias de la ONU<\/a><\/p>\n","protected":false},"excerpt":{"rendered":"<p>10 de abril de 2015 \u2014 El Secretario General de  [&#8230;]<\/p>\n","protected":false},"author":37,"featured_media":1616,"comment_status":"closed","ping_status":"closed","sticky":false,"template":"","format":"standard","meta":{"_et_pb_use_builder":"","_et_pb_old_content":"","_et_gb_content_width":"","footnotes":""},"categories":[13,19,16,31],"tags":[],"class_list":["post-1611","post","type-post","status-publish","format-standard","has-post-thumbnail","hentry","category-inequality","category-peace-and-justice","category-news","category-secretario-general"],"_links":{"self":[{"href":"https:\/\/www.un.org\/sustainabledevelopment\/es\/wp-json\/wp\/v2\/posts\/1611","targetHints":{"allow":["GET"]}}],"collection":[{"href":"https:\/\/www.un.org\/sustainabledevelopment\/es\/wp-json\/wp\/v2\/posts"}],"about":[{"href":"https:\/\/www.un.org\/sustainabledevelopment\/es\/wp-json\/wp\/v2\/types\/post"}],"author":[{"embeddable":true,"href":"https:\/\/www.un.org\/sustainabledevelopment\/es\/wp-json\/wp\/v2\/users\/37"}],"replies":[{"embeddable":true,"href":"https:\/\/www.un.org\/sustainabledevelopment\/es\/wp-json\/wp\/v2\/comments?post=1611"}],"version-history":[{"count":0,"href":"https:\/\/www.un.org\/sustainabledevelopment\/es\/wp-json\/wp\/v2\/posts\/1611\/revisions"}],"wp:featuredmedia":[{"embeddable":true,"href":"https:\/\/www.un.org\/sustainabledevelopment\/es\/wp-json\/wp\/v2\/media\/1616"}],"wp:attachment":[{"href":"https:\/\/www.un.org\/sustainabledevelopment\/es\/wp-json\/wp\/v2\/media?parent=1611"}],"wp:term":[{"taxonomy":"category","embeddable":true,"href":"https:\/\/www.un.org\/sustainabledevelopment\/es\/wp-json\/wp\/v2\/categories?post=1611"},{"taxonomy":"post_tag","embeddable":true,"href":"https:\/\/www.un.org\/sustainabledevelopment\/es\/wp-json\/wp\/v2\/tags?post=1611"}],"curies":[{"name":"wp","href":"https:\/\/api.w.org\/{rel}","templated":true}]}}