  {"id":16177,"date":"2017-11-27T15:53:21","date_gmt":"2017-11-27T20:53:21","guid":{"rendered":"http:\/\/www.un.org\/sustainabledevelopment\/es\/?p=16177"},"modified":"2017-11-27T15:53:21","modified_gmt":"2017-11-27T20:53:21","slug":"america-latina-y-el-caribe-necesitan-urgentemente-un-tratado-ambiental-vinculante","status":"publish","type":"post","link":"https:\/\/www.un.org\/sustainabledevelopment\/es\/2017\/11\/america-latina-y-el-caribe-necesitan-urgentemente-un-tratado-ambiental-vinculante\/","title":{"rendered":"Am\u00e9rica Latina y el Caribe necesitan urgentemente un tratado ambiental vinculante"},"content":{"rendered":"<p>Expertos en derechos humanos de la ONU* urgen a los gobiernos de Am\u00e9rica Latina y el Caribe a que adopten un acuerdo firme sobre derechos ambientales.<\/p>\n<p>El acuerdo es particularmente importante, porque es una de las regiones m\u00e1s peligrosas del mundo para los defensores de los derechos humanos. S\u00f3lo en 2016, m\u00e1s de 100 defensores ambientales fueron asesinados en la regi\u00f3n.<\/p>\n<p>Los expertos de la ONU piden a los pa\u00edses de la regi\u00f3n que promuevan el acceso a la informaci\u00f3n sobre el medio ambiente, fomenten la participaci\u00f3n en la toma de decisiones y faciliten el acceso a la justicia en materia de medio ambiente.<\/p>\n<blockquote><p>\u00abEs crucial que los gobiernos de la regi\u00f3n act\u00faen en solidaridad y acepten normas jur\u00eddicamente vinculantes para proteger los derechos humanos y el medio ambiente\u00bb, dijeron los expertos.<\/p><\/blockquote>\n<p>El llamamiento tuvo lugar durante la reuni\u00f3n de Estados de Am\u00e9rica Latina y el Caribe en Santiago de Chile, que intenta lograr un acuerdo regional auspiciados por la Comisi\u00f3n Econ\u00f3mica para Am\u00e9rica Latina y el Caribe de Naciones Unidas.<\/p>\n<p>Los expertos esperan que el acuerdo incorpore evaluaciones de impacto ambiental no solo en la salud, sino tambi\u00e9n en la alimentaci\u00f3n, trabajo, vivienda y agua potable y saneamiento.<\/p>\n<p>Ademas, deber\u00eda servir para mejorar la informaci\u00f3n sobre grandes proyectos energ\u00e9ticos de infraestructuras y de la industria extractiva.<\/p>\n<p><a href=\"http:\/\/www.un.org\/spanish\/News\/story.asp?NewsID=38496\">Noticias ONU<\/a><\/p>\n","protected":false},"excerpt":{"rendered":"<p>Expertos en derechos humanos de la ONU* urgen a los  [&#8230;]<\/p>\n","protected":false},"author":34,"featured_media":16180,"comment_status":"closed","ping_status":"closed","sticky":false,"template":"","format":"standard","meta":{"_et_pb_use_builder":"","_et_pb_old_content":"","_et_gb_content_width":"","footnotes":""},"categories":[23,12,11],"tags":[],"class_list":["post-16177","post","type-post","status-publish","format-standard","has-post-thumbnail","hentry","category-water-and-sanitation","category-hunger","category-health"],"_links":{"self":[{"href":"https:\/\/www.un.org\/sustainabledevelopment\/es\/wp-json\/wp\/v2\/posts\/16177","targetHints":{"allow":["GET"]}}],"collection":[{"href":"https:\/\/www.un.org\/sustainabledevelopment\/es\/wp-json\/wp\/v2\/posts"}],"about":[{"href":"https:\/\/www.un.org\/sustainabledevelopment\/es\/wp-json\/wp\/v2\/types\/post"}],"author":[{"embeddable":true,"href":"https:\/\/www.un.org\/sustainabledevelopment\/es\/wp-json\/wp\/v2\/users\/34"}],"replies":[{"embeddable":true,"href":"https:\/\/www.un.org\/sustainabledevelopment\/es\/wp-json\/wp\/v2\/comments?post=16177"}],"version-history":[{"count":0,"href":"https:\/\/www.un.org\/sustainabledevelopment\/es\/wp-json\/wp\/v2\/posts\/16177\/revisions"}],"wp:featuredmedia":[{"embeddable":true,"href":"https:\/\/www.un.org\/sustainabledevelopment\/es\/wp-json\/wp\/v2\/media\/16180"}],"wp:attachment":[{"href":"https:\/\/www.un.org\/sustainabledevelopment\/es\/wp-json\/wp\/v2\/media?parent=16177"}],"wp:term":[{"taxonomy":"category","embeddable":true,"href":"https:\/\/www.un.org\/sustainabledevelopment\/es\/wp-json\/wp\/v2\/categories?post=16177"},{"taxonomy":"post_tag","embeddable":true,"href":"https:\/\/www.un.org\/sustainabledevelopment\/es\/wp-json\/wp\/v2\/tags?post=16177"}],"curies":[{"name":"wp","href":"https:\/\/api.w.org\/{rel}","templated":true}]}}