  {"id":16345,"date":"2017-11-29T08:59:14","date_gmt":"2017-11-29T13:59:14","guid":{"rendered":"http:\/\/www.un.org\/sustainabledevelopment\/es\/?p=16345"},"modified":"2017-11-30T09:05:15","modified_gmt":"2017-11-30T14:05:15","slug":"unos-4-000-millones-de-personas-carecen-de-proteccion-social-revela-un-informe-de-la-oit","status":"publish","type":"post","link":"https:\/\/www.un.org\/sustainabledevelopment\/es\/2017\/11\/unos-4-000-millones-de-personas-carecen-de-proteccion-social-revela-un-informe-de-la-oit\/","title":{"rendered":"Unos 4.000 millones de personas carecen de protecci\u00f3n social, revela un informe de la OIT"},"content":{"rendered":"<p>La protecci\u00f3n social es un derecho fundamental; sin embargo, unos 4.000 millones de personas, o m\u00e1s de la mitad de la poblaci\u00f3n mundial, no la tienen, lo que las hace vulnerables a enfermedades, pobreza, desigualdad y exclusi\u00f3n social.<\/p>\n<p>Un informe sobre el tema de la Organizaci\u00f3n Internacional del Trabajo (OIT) divulgado hoy en Ginebra revel\u00f3 lo anterior, advirtiendo que esa carencia constituye un gran obst\u00e1culo para el desarrollo social y econ\u00f3mico.<\/p>\n<p>Al presentar el estudio, Guy Ryder, director general de la OIT, explic\u00f3 que s\u00f3lo el 45% de la poblaci\u00f3n tiene acceso a por lo menos una prestaci\u00f3n social y que apenas el 29% cuenta con protecci\u00f3n amplia.<\/p>\n<blockquote><p>\u201cEn 2017, esta falta global de protecci\u00f3n social deber\u00eda considerarse inaceptable\u2026y esto significa que el nivel del gasto p\u00fablico en prestaciones sociales precisa aumentar para extender esa cobertura, sobre todo en \u00c1frica, Asia y los Estados \u00e1rabes, donde persiste la baja inversi\u00f3n en ese campo\u201d, apunt\u00f3 Ryder.<\/p><\/blockquote>\n<p>Agreg\u00f3 que, pese a que desde 2015 se ha registrado una peque\u00f1a mejora en la cobertura de las redes de bienestar en el mundo, los gobiernos deben incrementar la inversi\u00f3n para extender la protecci\u00f3n a toda la poblaci\u00f3n.<\/p>\n<p>En este rengl\u00f3n, la OIT record\u00f3 que hay 1.300 millones de ni\u00f1os que no tienen ning\u00fan tipo de beneficios.<\/p>\n<p>Detall\u00f3 que en las \u00e1reas rurales el 56% de la gente carece de cobertura de salud, mientras que en los pueblos y ciudades esa cifra es mucho menor, con 22%.<\/p>\n<p>Frente a este panorama, la OIT inst\u00f3 a los gobiernos a redoblar los esfuerzos para hacer de la protecci\u00f3n social una realidad para todos.<\/p>\n<p>Como ejemplo de avances en ese sentido, la agencia de la ONU cit\u00f3 el caso de Am\u00e9rica Latina, donde algunos pa\u00edses gozan de coberturas universales de salud y otros beneficios sociales.<\/p>\n<p><a href=\"http:\/\/www.un.org\/spanish\/News\/story.asp?NewsID=38515\">Noticias ONU<\/a><\/p>\n","protected":false},"excerpt":{"rendered":"<p>La protecci\u00f3n social es un derecho fundamental; sin embargo, unos  [&#8230;]<\/p>\n","protected":false},"author":34,"featured_media":16349,"comment_status":"closed","ping_status":"closed","sticky":false,"template":"","format":"standard","meta":{"_et_pb_use_builder":"","_et_pb_old_content":"","_et_gb_content_width":"","footnotes":""},"categories":[6,13,11],"tags":[],"class_list":["post-16345","post","type-post","status-publish","format-standard","has-post-thumbnail","hentry","category-economic-growth","category-inequality","category-health"],"_links":{"self":[{"href":"https:\/\/www.un.org\/sustainabledevelopment\/es\/wp-json\/wp\/v2\/posts\/16345","targetHints":{"allow":["GET"]}}],"collection":[{"href":"https:\/\/www.un.org\/sustainabledevelopment\/es\/wp-json\/wp\/v2\/posts"}],"about":[{"href":"https:\/\/www.un.org\/sustainabledevelopment\/es\/wp-json\/wp\/v2\/types\/post"}],"author":[{"embeddable":true,"href":"https:\/\/www.un.org\/sustainabledevelopment\/es\/wp-json\/wp\/v2\/users\/34"}],"replies":[{"embeddable":true,"href":"https:\/\/www.un.org\/sustainabledevelopment\/es\/wp-json\/wp\/v2\/comments?post=16345"}],"version-history":[{"count":0,"href":"https:\/\/www.un.org\/sustainabledevelopment\/es\/wp-json\/wp\/v2\/posts\/16345\/revisions"}],"wp:featuredmedia":[{"embeddable":true,"href":"https:\/\/www.un.org\/sustainabledevelopment\/es\/wp-json\/wp\/v2\/media\/16349"}],"wp:attachment":[{"href":"https:\/\/www.un.org\/sustainabledevelopment\/es\/wp-json\/wp\/v2\/media?parent=16345"}],"wp:term":[{"taxonomy":"category","embeddable":true,"href":"https:\/\/www.un.org\/sustainabledevelopment\/es\/wp-json\/wp\/v2\/categories?post=16345"},{"taxonomy":"post_tag","embeddable":true,"href":"https:\/\/www.un.org\/sustainabledevelopment\/es\/wp-json\/wp\/v2\/tags?post=16345"}],"curies":[{"name":"wp","href":"https:\/\/api.w.org\/{rel}","templated":true}]}}