  {"id":16441,"date":"2017-12-01T14:15:47","date_gmt":"2017-12-01T19:15:47","guid":{"rendered":"http:\/\/www.un.org\/sustainabledevelopment\/es\/?p=16441"},"modified":"2017-12-01T14:37:10","modified_gmt":"2017-12-01T19:37:10","slug":"unicef-120-000-menores-fallecieron-por-causas-relacionadas-al-sida-durante-2016","status":"publish","type":"post","link":"https:\/\/www.un.org\/sustainabledevelopment\/es\/2017\/12\/unicef-120-000-menores-fallecieron-por-causas-relacionadas-al-sida-durante-2016\/","title":{"rendered":"Ä¢¹½ÊÓÆµICEF: 120 000 menores fallecieron por causas relacionadas al sida durante 2016"},"content":{"rendered":"<p>Durante el a\u00f1o 2016, 120.000 ni\u00f1os y ni\u00f1as menores de 14 a\u00f1os murieron por causas relacionadas con el sida, y 18 ni\u00f1os y ni\u00f1as se infectaron por el VIH cada hora, seg\u00fan las cifras facilitadas hoy por Ä¢¹½ÊÓÆµICEF, durante el D\u00eda Mundial de la lucha contra el sida que se celebra cada 1 de diciembre.<\/p>\n<p>De continuar el actual ritmo de infecciones, para el a\u00f1o 2030 habr\u00e1 3,5 millones de nuevas infecciones por el VIH en adolescentes, de acuerdo a las estimaciones estad\u00edsticas de ese organismo de Naciones Unidas.<\/p>\n<p>La Dra. Chewe Luo, jefa de VIH de Ä¢¹½ÊÓÆµICEF destac\u00f3 que es \u201cinaceptable\u201d el n\u00famero de fallecimientos de ni\u00f1os por sida y los escasos avances realizados en materia de protecci\u00f3n para adolescentes ante nuevas infecciones.<\/p>\n<p>Adem\u00e1s, Ä¢¹½ÊÓÆµICEF indic\u00f3 que, tras un an\u00e1lisis de las tendencias demogr\u00e1ficas, no se alcanzar\u00e1n las metas establecidas dentro de un marco de acci\u00f3n acelerado para poner fin al SIDA en ni\u00f1os, adolescentes y mujeres j\u00f3venes para el a\u00f1o 2020.<\/p>\n<p>Entre las propuestas de Ä¢¹½ÊÓÆµICEF para abordar las deficiencias en la respuesta al VIH, figuran la inversi\u00f3n en innovaciones emergentes, como la autoevaluaci\u00f3n del VIH, y ampliar la respuesta en favor de los ni\u00f1os, incluyendo la ampliaci\u00f3n de los programas de tratamiento.<\/p>\n<p><a href=\"http:\/\/www.un.org\/spanish\/News\/story.asp?newsID=38525\">Noticias ONU<\/a><\/p>\n","protected":false},"excerpt":{"rendered":"<p>Durante el a\u00f1o 2016, 120.000 ni\u00f1os y ni\u00f1as menores de  [&#8230;]<\/p>\n","protected":false},"author":34,"featured_media":16444,"comment_status":"closed","ping_status":"closed","sticky":false,"template":"","format":"standard","meta":{"_et_pb_use_builder":"","_et_pb_old_content":"","_et_gb_content_width":"","footnotes":""},"categories":[11],"tags":[],"class_list":["post-16441","post","type-post","status-publish","format-standard","has-post-thumbnail","hentry","category-health"],"_links":{"self":[{"href":"https:\/\/www.un.org\/sustainabledevelopment\/es\/wp-json\/wp\/v2\/posts\/16441","targetHints":{"allow":["GET"]}}],"collection":[{"href":"https:\/\/www.un.org\/sustainabledevelopment\/es\/wp-json\/wp\/v2\/posts"}],"about":[{"href":"https:\/\/www.un.org\/sustainabledevelopment\/es\/wp-json\/wp\/v2\/types\/post"}],"author":[{"embeddable":true,"href":"https:\/\/www.un.org\/sustainabledevelopment\/es\/wp-json\/wp\/v2\/users\/34"}],"replies":[{"embeddable":true,"href":"https:\/\/www.un.org\/sustainabledevelopment\/es\/wp-json\/wp\/v2\/comments?post=16441"}],"version-history":[{"count":0,"href":"https:\/\/www.un.org\/sustainabledevelopment\/es\/wp-json\/wp\/v2\/posts\/16441\/revisions"}],"wp:featuredmedia":[{"embeddable":true,"href":"https:\/\/www.un.org\/sustainabledevelopment\/es\/wp-json\/wp\/v2\/media\/16444"}],"wp:attachment":[{"href":"https:\/\/www.un.org\/sustainabledevelopment\/es\/wp-json\/wp\/v2\/media?parent=16441"}],"wp:term":[{"taxonomy":"category","embeddable":true,"href":"https:\/\/www.un.org\/sustainabledevelopment\/es\/wp-json\/wp\/v2\/categories?post=16441"},{"taxonomy":"post_tag","embeddable":true,"href":"https:\/\/www.un.org\/sustainabledevelopment\/es\/wp-json\/wp\/v2\/tags?post=16441"}],"curies":[{"name":"wp","href":"https:\/\/api.w.org\/{rel}","templated":true}]}}