  {"id":16546,"date":"2017-12-10T09:28:50","date_gmt":"2017-12-10T14:28:50","guid":{"rendered":"http:\/\/www.un.org\/sustainabledevelopment\/es\/?p=16546"},"modified":"2017-12-11T09:30:51","modified_gmt":"2017-12-11T14:30:51","slug":"ecuador-sera-sede-de-reunion-de-alto-nivel-sobre-salud-universal-en-las-americas","status":"publish","type":"post","link":"https:\/\/www.un.org\/sustainabledevelopment\/es\/2017\/12\/ecuador-sera-sede-de-reunion-de-alto-nivel-sobre-salud-universal-en-las-americas\/","title":{"rendered":"Ecuador ser\u00e1 sede de reuni\u00f3n de alto nivel sobre salud universal en las Am\u00e9ricas"},"content":{"rendered":"<p>Del 11 al 12 de diciembre, Ecuador acoger\u00e1 la reuni\u00f3n regional de la Organizaci\u00f3n Panamericana de la Salud, en la cual se lanzar\u00e1 un foro que examinar\u00e1 los desaf\u00edos hacia la salud universal y construir\u00e1 un movimiento colectivo para promover que todas las personas tengan acceso y cobertura de salud para 2030. <\/p>\n<p>M\u00e1s de 200 l\u00edderes pol\u00edticos, representantes de la sociedad civil, academia y expertos de las Am\u00e9ricas se reunir\u00e1n este lunes, y por dos d\u00edas para debatir sobre el futuro de los sistemas de salud.<\/p>\n<p>El foro que ser\u00e1 lanzado tiene como objetivo poner de relieve los logros en salud desde la declaraci\u00f3n de Alma-Ata en 1978, la primera conferencia internacional sobre atenci\u00f3n primaria de salud, as\u00ed como examinar los desaf\u00edos en el avance a la salud universal en la regi\u00f3n.<\/p>\n<p>La iniciativa buscar\u00e1 adem\u00e1s construir un movimiento colectivo de abogac\u00eda, transparencia y rendici\u00f3n de cuentas, para lograr que todas las personas tengan acceso a una cobertura de salud para 2030.<\/p>\n<p>Actualmente en Am\u00e9rica Latina y el Caribe, se estima que el 30% de la poblaci\u00f3n no tiene acceso a la atenci\u00f3n de salud por motivos econ\u00f3micos y el 21% por barreras geogr\u00e1ficas.<\/p>\n<p><a href=\"http:\/\/www.un.org\/spanish\/News\/story.asp?NewsID=38559\">Noticias ONU<\/a><\/p>\n","protected":false},"excerpt":{"rendered":"<p>Del 11 al 12 de diciembre, Ecuador acoger\u00e1 la reuni\u00f3n  [&#8230;]<\/p>\n","protected":false},"author":34,"featured_media":16549,"comment_status":"closed","ping_status":"closed","sticky":false,"template":"","format":"standard","meta":{"_et_pb_use_builder":"","_et_pb_old_content":"","_et_gb_content_width":"","footnotes":""},"categories":[11],"tags":[],"class_list":["post-16546","post","type-post","status-publish","format-standard","has-post-thumbnail","hentry","category-health"],"_links":{"self":[{"href":"https:\/\/www.un.org\/sustainabledevelopment\/es\/wp-json\/wp\/v2\/posts\/16546","targetHints":{"allow":["GET"]}}],"collection":[{"href":"https:\/\/www.un.org\/sustainabledevelopment\/es\/wp-json\/wp\/v2\/posts"}],"about":[{"href":"https:\/\/www.un.org\/sustainabledevelopment\/es\/wp-json\/wp\/v2\/types\/post"}],"author":[{"embeddable":true,"href":"https:\/\/www.un.org\/sustainabledevelopment\/es\/wp-json\/wp\/v2\/users\/34"}],"replies":[{"embeddable":true,"href":"https:\/\/www.un.org\/sustainabledevelopment\/es\/wp-json\/wp\/v2\/comments?post=16546"}],"version-history":[{"count":0,"href":"https:\/\/www.un.org\/sustainabledevelopment\/es\/wp-json\/wp\/v2\/posts\/16546\/revisions"}],"wp:featuredmedia":[{"embeddable":true,"href":"https:\/\/www.un.org\/sustainabledevelopment\/es\/wp-json\/wp\/v2\/media\/16549"}],"wp:attachment":[{"href":"https:\/\/www.un.org\/sustainabledevelopment\/es\/wp-json\/wp\/v2\/media?parent=16546"}],"wp:term":[{"taxonomy":"category","embeddable":true,"href":"https:\/\/www.un.org\/sustainabledevelopment\/es\/wp-json\/wp\/v2\/categories?post=16546"},{"taxonomy":"post_tag","embeddable":true,"href":"https:\/\/www.un.org\/sustainabledevelopment\/es\/wp-json\/wp\/v2\/tags?post=16546"}],"curies":[{"name":"wp","href":"https:\/\/api.w.org\/{rel}","templated":true}]}}