  {"id":16555,"date":"2017-12-11T13:01:56","date_gmt":"2017-12-11T18:01:56","guid":{"rendered":"http:\/\/www.un.org\/sustainabledevelopment\/es\/?p=16555"},"modified":"2017-12-11T13:01:56","modified_gmt":"2017-12-11T18:01:56","slug":"el-mundo-se-compromete-promover-el-desarrollo-sostenible-en-las-montanas-en-su-dia-internacional","status":"publish","type":"post","link":"https:\/\/www.un.org\/sustainabledevelopment\/es\/2017\/12\/el-mundo-se-compromete-promover-el-desarrollo-sostenible-en-las-montanas-en-su-dia-internacional\/","title":{"rendered":"El mundo se compromete a promover el desarrollo sostenible en las monta\u00f1as, en su D\u00eda Internacional"},"content":{"rendered":"<p>Unos 60 pa\u00edses y m\u00e1s de 200 organizaciones de la sociedad civil se comprometieron este lunes en el D\u00eda Internacional de las Monta\u00f1as, a fortalecer a las personas que las habitan y preparar eficazmente su entorno ante el cambio clim\u00e1tico, el hambre y la migraci\u00f3n. <\/p>\n<p>Durante una reuni\u00f3n de alto nivel en Roma, los miembros de la Alianza de las Monta\u00f1as de la FAO y el Programa de la ONU para el Medio Ambiente junto a m\u00e1s de 300 representantes del gobierno, la sociedad civil y el sector privado prometieron que para el a\u00f1o 2030 las autoridades mundiales revisar\u00e1n y actualizar\u00e1n sus pol\u00edticas para fomentar el desarrollo sostenible de las monta\u00f1as y la conservaci\u00f3n de su ecosistema.<\/p>\n<p>Mil millones de personas que habitan las monta\u00f1as en todo el mundo, alrededor del 13% de la poblaci\u00f3n mundial, a menudo est\u00e1n geogr\u00e1ficamente aislados y viven marginados, lo que los hace m\u00e1s propensos al hambre y la pobreza.<\/p>\n<blockquote><p>\u00abUno de cada tres habitantes de las monta\u00f1as en los pa\u00edses en desarrollo es vulnerable a la inseguridad alimentaria. Para las \u00e1reas rurales, es una de cada dos personas \u00ab, dijo Maria Helena Semedo, Directora General Adjunta de la FAO.<\/p><\/blockquote>\n<p>Semedo resalt\u00f3 la importancia de invertir en la agricultura sostenible en las regiones monta\u00f1osas para responder a los desaf\u00edos clim\u00e1ticos y migratorios, ya que promueve la adaptaci\u00f3n y la mitigaci\u00f3n del cambio clim\u00e1tico y reduce las causas fundamentales de la migraci\u00f3n, como la pobreza rural y la inseguridad alimentaria.<\/p>\n<p>La FAO tambi\u00e9n lanz\u00f3 hoy la publicaci\u00f3n \u00abGesti\u00f3n de cuencas hidrogr\u00e1ficas en acci\u00f3n\u00bb, en reconocimiento del importante papel que desempe\u00f1an las cuencas hidrogr\u00e1ficas de monta\u00f1a en el suministro de agua dulce a la humanidad y la reducci\u00f3n del riesgo de desastres naturales.<\/p>\n<p>La Asamblea de la ONU declar\u00f3 el 11 de diciembre como el D\u00eda Internacional de las Monta\u00f1as en 2002 y design\u00f3 a la FAO como el organismo coordinador para la observancia de la fecha a nivel mundial.<\/p>\n<p><a href=\"http:\/\/www.un.org\/spanish\/News\/story.asp?NewsID=38561\">Noticias ONU<\/a><\/p>\n","protected":false},"excerpt":{"rendered":"<p>Unos 60 pa\u00edses y m\u00e1s de 200 organizaciones de la  [&#8230;]<\/p>\n","protected":false},"author":34,"featured_media":16561,"comment_status":"closed","ping_status":"closed","sticky":false,"template":"","format":"standard","meta":{"_et_pb_use_builder":"","_et_pb_old_content":"","_et_gb_content_width":"","footnotes":""},"categories":[41,9,5,12],"tags":[],"class_list":["post-16555","post","type-post","status-publish","format-standard","has-post-thumbnail","hentry","category-agricultura-y-medios-de-vida","category-forests-desertification-and-biodiversity","category-climate-change","category-hunger"],"_links":{"self":[{"href":"https:\/\/www.un.org\/sustainabledevelopment\/es\/wp-json\/wp\/v2\/posts\/16555","targetHints":{"allow":["GET"]}}],"collection":[{"href":"https:\/\/www.un.org\/sustainabledevelopment\/es\/wp-json\/wp\/v2\/posts"}],"about":[{"href":"https:\/\/www.un.org\/sustainabledevelopment\/es\/wp-json\/wp\/v2\/types\/post"}],"author":[{"embeddable":true,"href":"https:\/\/www.un.org\/sustainabledevelopment\/es\/wp-json\/wp\/v2\/users\/34"}],"replies":[{"embeddable":true,"href":"https:\/\/www.un.org\/sustainabledevelopment\/es\/wp-json\/wp\/v2\/comments?post=16555"}],"version-history":[{"count":0,"href":"https:\/\/www.un.org\/sustainabledevelopment\/es\/wp-json\/wp\/v2\/posts\/16555\/revisions"}],"wp:featuredmedia":[{"embeddable":true,"href":"https:\/\/www.un.org\/sustainabledevelopment\/es\/wp-json\/wp\/v2\/media\/16561"}],"wp:attachment":[{"href":"https:\/\/www.un.org\/sustainabledevelopment\/es\/wp-json\/wp\/v2\/media?parent=16555"}],"wp:term":[{"taxonomy":"category","embeddable":true,"href":"https:\/\/www.un.org\/sustainabledevelopment\/es\/wp-json\/wp\/v2\/categories?post=16555"},{"taxonomy":"post_tag","embeddable":true,"href":"https:\/\/www.un.org\/sustainabledevelopment\/es\/wp-json\/wp\/v2\/tags?post=16555"}],"curies":[{"name":"wp","href":"https:\/\/api.w.org\/{rel}","templated":true}]}}