  {"id":16623,"date":"2017-12-18T13:09:36","date_gmt":"2017-12-18T18:09:36","guid":{"rendered":"http:\/\/www.un.org\/sustainabledevelopment\/es\/?p=16623"},"modified":"2017-12-20T13:19:46","modified_gmt":"2017-12-20T18:19:46","slug":"dia-del-migrante-en-un-mundo-en-movimiento-busquemos-una-migracion-segura","status":"publish","type":"post","link":"https:\/\/www.un.org\/sustainabledevelopment\/es\/2017\/12\/dia-del-migrante-en-un-mundo-en-movimiento-busquemos-una-migracion-segura\/","title":{"rendered":"D\u00eda del Migrante: En un mundo en movimiento, busquemos una migraci\u00f3n segura"},"content":{"rendered":"<p>Veamos c\u00f3mo proteger mejor a los migrantes y aprovechar las oportunidades de desarrollo, dice la ONU en ocasi\u00f3n del D\u00eda Internacional del Migrante.<\/p>\n<p>Si bien la migraci\u00f3n no es un fen\u00f3meno nuevo, en los \u00faltimos tiempos le hemos prestado m\u00e1s atenci\u00f3n<em>.\u00a0<\/em>Los peligros que encuentran los migrantes, que hoy son<em>\u00a0<\/em>258 millones, hacen de su protecci\u00f3n una necesidad urgente.<\/p>\n<p>\u201cLa migraci\u00f3n es un fen\u00f3meno que ha existido siempre. El cambio clim\u00e1tico, la demograf\u00eda, la inestabilidad las desigualdades cada vez mayores y las aspiraciones a una vida mejor, as\u00ed como las necesidades no satisfechas en los mercados laborales, nos indican que la migraci\u00f3n seguir\u00e1 existiendo\u201d, recuerda este lunes el Secretario General de la ONU en la conmemoraci\u00f3n del\u00a0<a href=\"http:\/\/www.un.org\/es\/events\/migrantsday\/index.shtml\">D\u00eda del Migrante<\/a>.<\/p>\n<p>Hay pruebas que muestran que los migrantes generan beneficios econ\u00f3micos, sociales y culturales para las sociedades de acogida y sus pa\u00edses de origen. Aun as\u00ed, lamenta Guterres, la hostilidad contra ellos crece y por eso dice que la solidaridad con los migrantes nunca ha sido m\u00e1s urgente.<\/p>\n<p>\u00abNecesitamos que la cooperaci\u00f3n internacional sea eficaz en la gesti\u00f3n de la migraci\u00f3n para asegurarnos de que sus beneficios se distribuyan de la manera m\u00e1s amplia y de que los derechos humanos de todos los interesados est\u00e9n debidamente protegidos\u00bb, afirma.<\/p>\n<p><b>Debe respetarse el derecho a una migraci\u00f3n segura, no en un bote agujereado<\/b><\/p>\n<p>El derecho a entrar a otro pa\u00eds no se aplica por igual, resalta William Lacy Swing, el director general de la Organizaci\u00f3n Internacional para las Migraciones (<a href=\"https:\/\/www.iom.int\/es\/\">OIM<\/a>).<\/p>\n<p>\u00abMientras vivimos en una \u00e9poca en la que una elite privilegiada considera la movilidad mundial como un derecho virtualmente innato, tal derecho le es negado a muchos otros que se encuentran atrapados en una p\u00e9sima situaci\u00f3n econ\u00f3mica o de conflicto, sin soluci\u00f3n alguna a la vista\u00bb, asevera en una\u00a0<a href=\"https:\/\/www.iom.int\/es\/migrantsday\">columna<\/a>.<\/p>\n<p>Lacy Swing advierte que negar el problema de la seguridad de los migrantes solo llevar\u00e1 a que \u00abquienes se dedican a crear redes de tr\u00e1fico de migrantes, de trata de personas o a la esclavitud moderna sigan haciendo sus negocios con total impunidad\u00bb.<\/p>\n<p>Por su parte, la Ä¢¹½ÊÓÆµESCO resalta los intentos en curso por aplicar los compromisos de la\u00a0<a href=\"http:\/\/es.unesco.org\/sdgs\" target=\"_blank\" rel=\"noopener\">Agenda 2030 para el Desarrollo Sostenible<\/a>\u00a0en relaci\u00f3n con las migraciones.<\/p>\n<p>\u00abEsta labor empieza por la educaci\u00f3n, mediante la promoci\u00f3n del acceso a una educaci\u00f3n de calidad para los refugiados sirios, facilitando el reconocimiento de los diplomas y t\u00edtulos educativos\u00bb,\u00a0<a href=\"http:\/\/www.unesco.org\/new\/es\/unesco\/events\/prizes-and-celebrations\/celebrations\/international-migrants-day\/\">detalla<\/a>\u00a0Audrey Azoulay, la directora general.<\/p>\n<p>El 19 de septiembre de 2016, la\u00a0<a href=\"https:\/\/refugeesmigrants.un.org\/es\/declaration\">Declaraci\u00f3n de Nueva York sobre refugiados y migrantes<\/a>, que reitera el compromiso de la comunidad internacional con los derechos y la protecci\u00f3n de esas personas,\u00a0<a href=\"http:\/\/www.un.org\/spanish\/News\/story.asp?NewsID=35827&amp;Kw1=declaracion&amp;Kw2=&amp;Kw3=#.Wjf0HFWnGUk\">marc\u00f3<\/a>\u00a0un compromiso pol\u00edtico sin precedentes. Fue firmada por los 193 Estados miembros de la ONU.<\/p>\n<p><a href=\"http:\/\/www.un.org\/spanish\/News\/story.asp?NewsID=38590\">Noticias ONU<\/a><\/p>\n","protected":false},"excerpt":{"rendered":"<p>Veamos c\u00f3mo proteger mejor a los migrantes y aprovechar las  [&#8230;]<\/p>\n","protected":false},"author":34,"featured_media":16624,"comment_status":"closed","ping_status":"closed","sticky":false,"template":"","format":"standard","meta":{"_et_pb_use_builder":"","_et_pb_old_content":"","_et_gb_content_width":"","footnotes":""},"categories":[5,6,16,33],"tags":[],"class_list":["post-16623","post","type-post","status-publish","format-standard","has-post-thumbnail","hentry","category-climate-change","category-economic-growth","category-news","category-programa-de-desarrollo-sostenible"],"_links":{"self":[{"href":"https:\/\/www.un.org\/sustainabledevelopment\/es\/wp-json\/wp\/v2\/posts\/16623","targetHints":{"allow":["GET"]}}],"collection":[{"href":"https:\/\/www.un.org\/sustainabledevelopment\/es\/wp-json\/wp\/v2\/posts"}],"about":[{"href":"https:\/\/www.un.org\/sustainabledevelopment\/es\/wp-json\/wp\/v2\/types\/post"}],"author":[{"embeddable":true,"href":"https:\/\/www.un.org\/sustainabledevelopment\/es\/wp-json\/wp\/v2\/users\/34"}],"replies":[{"embeddable":true,"href":"https:\/\/www.un.org\/sustainabledevelopment\/es\/wp-json\/wp\/v2\/comments?post=16623"}],"version-history":[{"count":0,"href":"https:\/\/www.un.org\/sustainabledevelopment\/es\/wp-json\/wp\/v2\/posts\/16623\/revisions"}],"wp:featuredmedia":[{"embeddable":true,"href":"https:\/\/www.un.org\/sustainabledevelopment\/es\/wp-json\/wp\/v2\/media\/16624"}],"wp:attachment":[{"href":"https:\/\/www.un.org\/sustainabledevelopment\/es\/wp-json\/wp\/v2\/media?parent=16623"}],"wp:term":[{"taxonomy":"category","embeddable":true,"href":"https:\/\/www.un.org\/sustainabledevelopment\/es\/wp-json\/wp\/v2\/categories?post=16623"},{"taxonomy":"post_tag","embeddable":true,"href":"https:\/\/www.un.org\/sustainabledevelopment\/es\/wp-json\/wp\/v2\/tags?post=16623"}],"curies":[{"name":"wp","href":"https:\/\/api.w.org\/{rel}","templated":true}]}}