  {"id":16676,"date":"2017-12-21T15:45:21","date_gmt":"2017-12-21T20:45:21","guid":{"rendered":"http:\/\/www.un.org\/sustainabledevelopment\/es\/?p=16676"},"modified":"2018-01-02T15:53:09","modified_gmt":"2018-01-02T20:53:09","slug":"aumenta-la-pobreza-en-america-latina-revela-comision-economica-para-america-latina-y-caribe","status":"publish","type":"post","link":"https:\/\/www.un.org\/sustainabledevelopment\/es\/2017\/12\/aumenta-la-pobreza-en-america-latina-revela-comision-economica-para-america-latina-y-caribe\/","title":{"rendered":"Aumenta la pobreza en Am\u00e9rica Latina, revela Comisi\u00f3n Econ\u00f3mica para Am\u00e9rica Latina y Caribe"},"content":{"rendered":"<p>Despu\u00e9s de m\u00e1s de una d\u00e9cada de reducci\u00f3n en la mayor\u00eda de los pa\u00edses, los niveles de pobreza y pobreza extrema aumentaron en Am\u00e9rica Latina en 2015 y 2016. Eso fue el hallazgo del informe Panorama Social de Am\u00e9rica Latina 2017 presentado el mi\u00e9rcoles por Alicia B\u00e1rcena, Secretaria Ejecutiva de la Comisi\u00f3n Econ\u00f3mica para Am\u00e9rica Latina y el Caribe (CEPAL), en conferencia de prensa en las oficinas del organismo en la Ciudad de M\u00e9xico.<\/p>\n<p>La agencia de la ONU present\u00f3 su estudio comparativo de las situaciones sociales en los pa\u00eds de Am\u00e9rica Latina, con un enfoque en los sistemas de pensiones, y llam\u00f3 a fortalecer las pol\u00edticas laborales y de protecci\u00f3n social universales, solidarios y sostenible en la regi\u00f3n.<\/p>\n<p>mientras que en 2017 se mantendr\u00edan estables, 186 millones de personas se encuentran en situaci\u00f3n de pobreza en la regi\u00f3n, inform\u00f3 la CEPAL, lo que representa 30.7 % de la poblaci\u00f3n, un aumento de 1% en comparaci\u00f3n con el a\u00f1o previo.<\/p>\n<p>De manera igual, la pobreza extrema lleg\u00f3 al 10% en 2016 (61 millones de personas), un crecimiento de 2% en comparaci\u00f3n con 2014.<\/p>\n<p>El Panorama Social 2017 muestra tambi\u00e9n que la incidencia de la pobreza y de la pobreza extrema es m\u00e1s elevada entre ni\u00f1os y ni\u00f1as, adolescentes, j\u00f3venes, mujeres y la poblaci\u00f3n que reside en \u00e1reas rurales.<\/p>\n<p>Sin embargo, una perspectiva de mediano plazo arroja un balance positivo en materia de reducci\u00f3n de la pobreza, ya que esta se redujo 15,2 puntos porcentuales entre 2002 y 2016, subray\u00f3 la Sra. B\u00e1rcena.<\/p>\n<p>La desigualdad de ingresos tambi\u00e9n se redujo entre 2002 y 2016, aunque el ritmo de ca\u00edda ha disminuido en los \u00faltimos a\u00f1os.<\/p>\n<p>\u201cLa experiencia reciente nos indica que el aumento de los ingresos en los hogares de menores recursos ha sido imprescindible para la reducci\u00f3n tanto de la pobreza como de la desigualdad de ingresos\u201d sostuvo B\u00e1rcena.<\/p>\n<p>\u201cY a ese crecimiento han contribuido decisivamente las pol\u00edticas distributivas y redistributivas de los pa\u00edses, como reformas tributarias, salarios m\u00ednimos, pensiones y transferencias vinculadas a las estrategias de reducci\u00f3n de la pobreza y a la expansi\u00f3n de los sistemas de protecci\u00f3n social\u201d, a\u00f1adi\u00f3.<\/p>\n<p>El informe publicado hoy por la CEPAL tambi\u00e9n analiza la evoluci\u00f3n y los desaf\u00edos de los sistemas de pensiones, que son fundamentales para la garant\u00eda de los derechos a la seguridad social y a la protecci\u00f3n social de la regi\u00f3n en un contexto de cambios demogr\u00e1ficos acelerados.<\/p>\n<p>Se estima que en 2040 las personas de 60 a\u00f1os y m\u00e1s superar\u00e1n a las de 0 a 14, y que la poblaci\u00f3n de 80 a\u00f1os y m\u00e1s aumentar\u00e1 casi 20 millones para esa fecha. Tambi\u00e9n se observa una tendencia a la feminizaci\u00f3n de la poblaci\u00f3n adulta mayor.<\/p>\n<p>Aunque se ampli\u00f3 entre 2000 y 2014 la contribuci\u00f3n a los sistemas de pensiones en Am\u00e9rica Latina, se estima que 142 millones de personas econ\u00f3micamente activas a\u00fan no est\u00e1n cubiertas. Adem\u00e1s, el informe destaca que las prestaciones queden en amplia medida insuficientes.<\/p>\n<p>De acuerdo con el estudio, las reformas implementadas entre 2008 y 2017 en la regi\u00f3n evidencian una nueva tendencia, con un denominador com\u00fan: avanzan en el desarrollo de mecanismos de solidaridad y, en la mayor\u00eda de ellas, aumenta la participaci\u00f3n del Estado.<\/p>\n<p>El estudio concluye afirmando que la consolidaci\u00f3n de sistemas de pensiones universales, solidarios y sostenibles es un objetivo posible y necesario en un pacto social para el desarrollo con igualdad.<\/p>\n<p>Por ello, \u201cel llamado es a fortalecer las pol\u00edticas laborales y de protecci\u00f3n social, m\u00e1s a\u00fan en per\u00edodos de bajo crecimiento econ\u00f3mico, y a implementar la Agenda 2030 para el Desarrollo Sostenible a partir de un cambio estructural progresivo\u201d, concluy\u00f3 la alta funcionaria de las Naciones Unidas.<\/p>\n<p><a href=\"http:\/\/www.un.org\/spanish\/News\/story.asp?NewsID=38602\">Noticias ONU<\/a><\/p>\n","protected":false},"excerpt":{"rendered":"<p>Despu\u00e9s de m\u00e1s de una d\u00e9cada de reducci\u00f3n en la  [&#8230;]<\/p>\n","protected":false},"author":34,"featured_media":6708,"comment_status":"closed","ping_status":"closed","sticky":false,"template":"","format":"standard","meta":{"_et_pb_use_builder":"","_et_pb_old_content":"","_et_gb_content_width":"","footnotes":""},"categories":[20],"tags":[],"class_list":["post-16676","post","type-post","status-publish","format-standard","has-post-thumbnail","hentry","category-poverty"],"_links":{"self":[{"href":"https:\/\/www.un.org\/sustainabledevelopment\/es\/wp-json\/wp\/v2\/posts\/16676","targetHints":{"allow":["GET"]}}],"collection":[{"href":"https:\/\/www.un.org\/sustainabledevelopment\/es\/wp-json\/wp\/v2\/posts"}],"about":[{"href":"https:\/\/www.un.org\/sustainabledevelopment\/es\/wp-json\/wp\/v2\/types\/post"}],"author":[{"embeddable":true,"href":"https:\/\/www.un.org\/sustainabledevelopment\/es\/wp-json\/wp\/v2\/users\/34"}],"replies":[{"embeddable":true,"href":"https:\/\/www.un.org\/sustainabledevelopment\/es\/wp-json\/wp\/v2\/comments?post=16676"}],"version-history":[{"count":0,"href":"https:\/\/www.un.org\/sustainabledevelopment\/es\/wp-json\/wp\/v2\/posts\/16676\/revisions"}],"wp:featuredmedia":[{"embeddable":true,"href":"https:\/\/www.un.org\/sustainabledevelopment\/es\/wp-json\/wp\/v2\/media\/6708"}],"wp:attachment":[{"href":"https:\/\/www.un.org\/sustainabledevelopment\/es\/wp-json\/wp\/v2\/media?parent=16676"}],"wp:term":[{"taxonomy":"category","embeddable":true,"href":"https:\/\/www.un.org\/sustainabledevelopment\/es\/wp-json\/wp\/v2\/categories?post=16676"},{"taxonomy":"post_tag","embeddable":true,"href":"https:\/\/www.un.org\/sustainabledevelopment\/es\/wp-json\/wp\/v2\/tags?post=16676"}],"curies":[{"name":"wp","href":"https:\/\/api.w.org\/{rel}","templated":true}]}}