  {"id":1786,"date":"2015-04-22T18:08:33","date_gmt":"2015-04-22T22:08:33","guid":{"rendered":"http:\/\/www.un.org\/sustainabledevelopment\/es\/?p=1786"},"modified":"2017-11-13T16:03:01","modified_gmt":"2017-11-13T21:03:01","slug":"la-oms-alerta-que-22-millones-de-ninos-no-reciben-vacunas","status":"publish","type":"post","link":"https:\/\/www.un.org\/sustainabledevelopment\/es\/2015\/04\/la-oms-alerta-que-22-millones-de-ninos-no-reciben-vacunas\/","title":{"rendered":"La OMS alerta que 22 millones de ni\u00f1os no reciben vacunas"},"content":{"rendered":"<p>22 de abril de 2015 \u2014 La Organizaci\u00f3n Mundial de la Salud (OMS) advirti\u00f3 hoy que los objetivos de inmunizaci\u00f3n infantil para 2015 van con retraso y que uno de cada cinco ni\u00f1os a\u00fan no ha recibido las vacunas que evitan entre dos y tres millones de muertes cada a\u00f1o.<\/p>\n<p>En un comunicado a prop\u00f3sito de la Semana Mundial de Inmunizaci\u00f3n que se celebrar\u00e1 de 24 al 30 de abril, la OMS llam\u00f3 a los pa\u00edses a acelerar sus esfuerzos en este campo.<\/p>\n<p>En 2013, unos 22 millones de ni\u00f1os no recibieron la vacuna contra la tosferina, el t\u00e9tanos y la difteria, muchos de ellos en los pa\u00edses m\u00e1s pobres del planeta.<\/p>\n<p>La OMS hizo un llamado para que se ponga fin a las discapacidades y las muertes innecesarias provocadas por la falta de inmunizaci\u00f3n.<\/p>\n<p>La Semana Mundial marcar\u00e1 una renovaci\u00f3n de los esfuerzos mundiales, regionales y nacionales por acelerar medidas que aumenten la concienciaci\u00f3n y la demanda de vacunaciones por parte de las comunidades.<\/p>\n<p>La inmunizaci\u00f3n protege a los ni\u00f1os no s\u00f3lo frente a enfermedades como la difteria, el t\u00e9tanos, la poliomielitis o el sarampi\u00f3n, sino tambi\u00e9n contra otras como la neumon\u00eda o la diarrea por rotavirus.<\/p>\n<p>Gracias a nuevas vacunas, los adolescentes y los adultos tambi\u00e9n pueden protegerse frente a enfermedades potencialmente mortales, como la gripe, la meningitis o algunos c\u00e1nceres como el del h\u00edgado y el del cuello uterino.<\/p>\n<p><a href=\"http:\/\/www.un.org\/spanish\/News\/story.asp?NewsID=32203\" title=\"La OMS alerta que 22 millones de ni\u00f1os no reciben vacunas\">Centro de noticias de la ONU<\/a><\/p>\n","protected":false},"excerpt":{"rendered":"<p>22 de abril de 2015 \u2014 La Organizaci\u00f3n Mundial de  [&#8230;]<\/p>\n","protected":false},"author":37,"featured_media":1791,"comment_status":"closed","ping_status":"closed","sticky":false,"template":"","format":"standard","meta":{"_et_pb_use_builder":"","_et_pb_old_content":"","_et_gb_content_width":"","footnotes":""},"categories":[16,11],"tags":[],"class_list":["post-1786","post","type-post","status-publish","format-standard","has-post-thumbnail","hentry","category-news","category-health"],"_links":{"self":[{"href":"https:\/\/www.un.org\/sustainabledevelopment\/es\/wp-json\/wp\/v2\/posts\/1786","targetHints":{"allow":["GET"]}}],"collection":[{"href":"https:\/\/www.un.org\/sustainabledevelopment\/es\/wp-json\/wp\/v2\/posts"}],"about":[{"href":"https:\/\/www.un.org\/sustainabledevelopment\/es\/wp-json\/wp\/v2\/types\/post"}],"author":[{"embeddable":true,"href":"https:\/\/www.un.org\/sustainabledevelopment\/es\/wp-json\/wp\/v2\/users\/37"}],"replies":[{"embeddable":true,"href":"https:\/\/www.un.org\/sustainabledevelopment\/es\/wp-json\/wp\/v2\/comments?post=1786"}],"version-history":[{"count":0,"href":"https:\/\/www.un.org\/sustainabledevelopment\/es\/wp-json\/wp\/v2\/posts\/1786\/revisions"}],"wp:featuredmedia":[{"embeddable":true,"href":"https:\/\/www.un.org\/sustainabledevelopment\/es\/wp-json\/wp\/v2\/media\/1791"}],"wp:attachment":[{"href":"https:\/\/www.un.org\/sustainabledevelopment\/es\/wp-json\/wp\/v2\/media?parent=1786"}],"wp:term":[{"taxonomy":"category","embeddable":true,"href":"https:\/\/www.un.org\/sustainabledevelopment\/es\/wp-json\/wp\/v2\/categories?post=1786"},{"taxonomy":"post_tag","embeddable":true,"href":"https:\/\/www.un.org\/sustainabledevelopment\/es\/wp-json\/wp\/v2\/tags?post=1786"}],"curies":[{"name":"wp","href":"https:\/\/api.w.org\/{rel}","templated":true}]}}