  {"id":1829,"date":"2015-04-28T16:03:43","date_gmt":"2015-04-28T20:03:43","guid":{"rendered":"http:\/\/www.un.org\/sustainabledevelopment\/es\/?p=1829"},"modified":"2017-11-13T16:02:59","modified_gmt":"2017-11-13T21:02:59","slug":"ban-en-la-santa-sede-luchar-contra-el-cambio-climatico-es-una-cuestion-moral","status":"publish","type":"post","link":"https:\/\/www.un.org\/sustainabledevelopment\/es\/2015\/04\/ban-en-la-santa-sede-luchar-contra-el-cambio-climatico-es-una-cuestion-moral\/","title":{"rendered":"Ban en la Santa Sede: luchar contra el cambio clim\u00e1tico es una cuesti\u00f3n moral"},"content":{"rendered":"<p>28 de abril de 2015 \u2014 El Secretario General de la ONU, Ban Ki-moon, afirm\u00f3 hoy que luchar contra el cambio clim\u00e1tico es una cuesti\u00f3n moral, de justicia social, de derechos humanos y de \u00e9tica fundamental.<\/p>\n<blockquote><p>\u00abEs el tema definitorio de nuestro tiempo\u201d, se\u00f1al\u00f3 al pronunciar un discurso en un foro en la Santa Sede convocado por la Pontificia Academia de las Ciencias bajo el lema \u00abProteger la Tierra, dignificar a la humanidad.\u00bb<\/p><\/blockquote>\n<p>Ban asegur\u00f3 que mitigar el cambio clim\u00e1tico y adaptarse a sus efectos es necesario para erradicar la extrema pobreza, reducir la desigualdad y garantizar un desarrollo econ\u00f3mico equitativo y sostenible.<\/p>\n<p>Asimismo, consider\u00f3 que el fen\u00f3meno est\u00e1 intr\u00ednsecamente vinculado a la salud p\u00fablica, a la seguridad del agua y de los alimentos, a los movimientos migratorios y a la paz y a la seguridad.<\/p>\n<p>Antes de participar en el evento, el Titular de la ONU sostuvo un encuentro con el papa Francisco, en el que abordaron el cambio clim\u00e1tico, la crisis de migrantes en el Mediterr\u00e1neo, la exclusi\u00f3n social, la educaci\u00f3n y el deporte como herramientas del desarrollo, entre otros temas.<\/p>\n<p>Ban encomi\u00f3 los repetidos llamamientos del papa Francisco para combatir los efectos del cambio clim\u00e1tico y dijo que esperaba con ganas su enc\u00edclica, que versar\u00e1 sobre esta cuesti\u00f3n.<\/p>\n<p>El titular de la ONU dijo adem\u00e1s a la prensa que se espera con mucho inter\u00e9s la intervenci\u00f3n que el pont\u00edfice realizar\u00e1 en Naciones Unidas en septiembre.<\/p>\n<p><a href=\"http:\/\/www.un.org\/spanish\/News\/story.asp?NewsID=32240\" title=\"Ban: luchar contra el cambio clim\u00e1tico es una cuesti\u00f3n moral\">Centro de Noticias de la ONU<\/a><\/p>\n","protected":false},"excerpt":{"rendered":"<p>28 de abril de 2015 \u2014 El Secretario General de  [&#8230;]<\/p>\n","protected":false},"author":37,"featured_media":1834,"comment_status":"closed","ping_status":"closed","sticky":false,"template":"","format":"standard","meta":{"_et_pb_use_builder":"","_et_pb_old_content":"","_et_gb_content_width":"","footnotes":""},"categories":[5,13,16],"tags":[],"class_list":["post-1829","post","type-post","status-publish","format-standard","has-post-thumbnail","hentry","category-climate-change","category-inequality","category-news"],"_links":{"self":[{"href":"https:\/\/www.un.org\/sustainabledevelopment\/es\/wp-json\/wp\/v2\/posts\/1829","targetHints":{"allow":["GET"]}}],"collection":[{"href":"https:\/\/www.un.org\/sustainabledevelopment\/es\/wp-json\/wp\/v2\/posts"}],"about":[{"href":"https:\/\/www.un.org\/sustainabledevelopment\/es\/wp-json\/wp\/v2\/types\/post"}],"author":[{"embeddable":true,"href":"https:\/\/www.un.org\/sustainabledevelopment\/es\/wp-json\/wp\/v2\/users\/37"}],"replies":[{"embeddable":true,"href":"https:\/\/www.un.org\/sustainabledevelopment\/es\/wp-json\/wp\/v2\/comments?post=1829"}],"version-history":[{"count":0,"href":"https:\/\/www.un.org\/sustainabledevelopment\/es\/wp-json\/wp\/v2\/posts\/1829\/revisions"}],"wp:featuredmedia":[{"embeddable":true,"href":"https:\/\/www.un.org\/sustainabledevelopment\/es\/wp-json\/wp\/v2\/media\/1834"}],"wp:attachment":[{"href":"https:\/\/www.un.org\/sustainabledevelopment\/es\/wp-json\/wp\/v2\/media?parent=1829"}],"wp:term":[{"taxonomy":"category","embeddable":true,"href":"https:\/\/www.un.org\/sustainabledevelopment\/es\/wp-json\/wp\/v2\/categories?post=1829"},{"taxonomy":"post_tag","embeddable":true,"href":"https:\/\/www.un.org\/sustainabledevelopment\/es\/wp-json\/wp\/v2\/tags?post=1829"}],"curies":[{"name":"wp","href":"https:\/\/api.w.org\/{rel}","templated":true}]}}