  {"id":2397,"date":"2015-04-21T10:26:42","date_gmt":"2015-04-21T14:26:42","guid":{"rendered":"http:\/\/www.un.org\/sustainabledevelopment\/es\/?p=2397"},"modified":"2017-11-13T16:03:02","modified_gmt":"2017-11-13T21:03:02","slug":"se-buscan-personas-involucradas-en-la-lucha-contra-el-cambio-climatico-para-que-se-dirijan-a-la-asamblea-general-de-las-naciones-unidas","status":"publish","type":"post","link":"https:\/\/www.un.org\/sustainabledevelopment\/es\/2015\/04\/se-buscan-personas-involucradas-en-la-lucha-contra-el-cambio-climatico-para-que-se-dirijan-a-la-asamblea-general-de-las-naciones-unidas\/","title":{"rendered":"Se buscan personas involucradas en la lucha contra el cambio clim\u00e1tico para que se dirijan a la Asamblea General de las Naciones Unidas"},"content":{"rendered":"<p>\u00bfTienes alguna historia inspiradora sobre la lucha contra el cambio clim\u00e1tico o conoces a alguien que haya protagonizado alguna? Si es as\u00ed, las Naciones Unidas <a href=\"http:\/\/bit.ly\/Apply-29June-Ä¢¹½ÊÓÆµPGA-climate-change\">quieren conocerte<\/a> <img decoding=\"async\" src=\"\/common\/images\/icons\/ico_en.gif\" alt=\"Disponible en ingl&eacute;s\" title=\"Disponible en ingl&eacute;s\" width=\"14\" height=\"14\" style=\"border:none\" \/>.<\/p>\n<p>Se est\u00e1  llevando a cabo una b\u00fasqueda mundial de oradores de tres pa\u00edses para que  participen en una reuni\u00f3n especial de alto nivel sobre el cambio clim\u00e1tico que  tendr\u00e1 lugar el 29 de junio y que ha sido convocada por Sam Kutesa, Presidente  de la Asamblea General. .<\/p>\n<p>La  reuni\u00f3n, que contar\u00e1 con la presencia de ministros, dirigentes empresariales y  representantes de organizaciones de la sociedad civil, se celebrar\u00e1 cinco meses  antes de que los pa\u00edses se re\u00fanan en Par\u00eds en diciembre de 2015 para adoptar un  nuevo acuerdo universal sobre el cambio clim\u00e1tico.<\/p>\n<blockquote>\n<p>\u00abEl primer objetivo es tomar el pulso a los Estados Miembros para ver en qu\u00e9 punto nos encontramos. Pero sabemos tambi\u00e9n que el mundo debe seguir avanzando en su lucha contra el cambio clim\u00e1tico. Por ello, estamos buscando soluciones e inspiraci\u00f3n de alg\u00fan joven que ya est\u00e9 llevando a cabo con \u00e9xito iniciativas encaminadas a afrontar el cambio clim\u00e1tico en su comunidad\u00bb, dijo el Sr. Kutesa.<\/p>\n<\/blockquote>\n<p>El  Servicio de Enlace con las Organizaciones No Gubernamentales de las Naciones  Unidas (SENG) se est\u00e1 encargando de buscar a los oradores, entre ellos un joven  procedente de un pa\u00eds en desarrollo, que tomar\u00e1n la palabra en la ceremonia de  apertura. Adem\u00e1s, el SENG busca candidatos para participar en otras dos mesas  redondas durante ese d\u00eda.<\/p>\n<p>UEl SENG busca candidatos que representen a las organizaciones de la sociedad civil y est\u00e9n dispuestos a compartir sus historias de \u00e9xito sobre iniciativas locales contra el cambio clim\u00e1tico para cambiar el rumbo del mundo hacia una senda sostenible, de modo que todos puedan disfrutar de oportunidades econ\u00f3micas, de  igualdad y de un entorno saludable. Los representantes de la sociedad civil tambi\u00e9n pueden solicitar su participaci\u00f3n en el Comit\u00e9 de Selecci\u00f3n para este evento. Para participar, visite la p\u00e1gina: <a href=\"http:\/\/bit.ly\/Apply-29June-Ä¢¹½ÊÓÆµPGA-climate-change\">http:\/\/bit.ly\/Apply-29June-Ä¢¹½ÊÓÆµPGA-climate-change<\/a><\/strong> <img decoding=\"async\" src=\"\/common\/images\/icons\/ico_en.gif\" alt=\"Disponible en ingl&eacute;s\" title=\"Disponible en ingl&eacute;s\" width=\"14\" height=\"14\" style=\"border:none\" \/><\/p>\n<p>La reuni\u00f3n es el evento cumbre de una semana de actividades relacionadas con el cambio clim\u00e1tico organizadas en las Naciones Unidas, en Nueva York, que dar\u00e1 comienzo el 23 de junio con una reuni\u00f3n de l\u00edderes empresariales organizada por el Pacto Mundial de las Naciones Unidas, luego, los d\u00edas 26 y 27 de junio tendr\u00e1 lugar una reuni\u00f3n  de ministros de los pa\u00edses menos adelantados y finalizar\u00e1 el 30 de junio con un concierto en el que participar\u00e1n las principales estrellas mundiales de la m\u00fasica y la Orquesta Sinf\u00f3nica de Nueva York. Todos los actos se celebrar\u00e1n bajo el lema de la campa\u00f1a de las Naciones Unidas \u00abAcci\u00f3n Mundial 2015\u00bb.<\/p>\n<div class=\"kiwi-tweetthis\">\n<p class=\"text\">\u00bfEres una persona joven y tienes una historia inspiradora sobre #climateaction? \u00a1Las Naciones Unidas quieren conocerte! #action2015<\/p>\n<p><a href=\"https:\/\/twitter.com\/share\" class=\"twitter-share-button\">Tweet<\/a><\/div>\n<p>\u00abEste a\u00f1o es hist\u00f3rico y trascendental\u00bb, dijo el Sr. Kutesa. \u00abEstamos inmersos en tres procesos de gran importancia: la agenda para el desarrollo despu\u00e9s de 2015, la financiaci\u00f3n para el desarrollo y el cambio clim\u00e1tico. Este a\u00f1o 2015 es el momento de pasar a la acci\u00f3n mundial, y la reuni\u00f3n de alto nivel deber\u00eda servir como elemento ilustrador e inspirador para que los gobiernos, las comunidades y la sociedad civil adopten nuevas medidas para seguir avanzando\u00bb.<\/p>\n","protected":false},"excerpt":{"rendered":"<p>\u00bfTienes alguna historia inspiradora sobre la lucha contra el cambio  [&#8230;]<\/p>\n","protected":false},"author":37,"featured_media":2402,"comment_status":"closed","ping_status":"closed","sticky":false,"template":"","format":"standard","meta":{"_et_pb_use_builder":"","_et_pb_old_content":"","_et_gb_content_width":"","footnotes":""},"categories":[5,16],"tags":[],"class_list":["post-2397","post","type-post","status-publish","format-standard","has-post-thumbnail","hentry","category-climate-change","category-news"],"_links":{"self":[{"href":"https:\/\/www.un.org\/sustainabledevelopment\/es\/wp-json\/wp\/v2\/posts\/2397","targetHints":{"allow":["GET"]}}],"collection":[{"href":"https:\/\/www.un.org\/sustainabledevelopment\/es\/wp-json\/wp\/v2\/posts"}],"about":[{"href":"https:\/\/www.un.org\/sustainabledevelopment\/es\/wp-json\/wp\/v2\/types\/post"}],"author":[{"embeddable":true,"href":"https:\/\/www.un.org\/sustainabledevelopment\/es\/wp-json\/wp\/v2\/users\/37"}],"replies":[{"embeddable":true,"href":"https:\/\/www.un.org\/sustainabledevelopment\/es\/wp-json\/wp\/v2\/comments?post=2397"}],"version-history":[{"count":0,"href":"https:\/\/www.un.org\/sustainabledevelopment\/es\/wp-json\/wp\/v2\/posts\/2397\/revisions"}],"wp:featuredmedia":[{"embeddable":true,"href":"https:\/\/www.un.org\/sustainabledevelopment\/es\/wp-json\/wp\/v2\/media\/2402"}],"wp:attachment":[{"href":"https:\/\/www.un.org\/sustainabledevelopment\/es\/wp-json\/wp\/v2\/media?parent=2397"}],"wp:term":[{"taxonomy":"category","embeddable":true,"href":"https:\/\/www.un.org\/sustainabledevelopment\/es\/wp-json\/wp\/v2\/categories?post=2397"},{"taxonomy":"post_tag","embeddable":true,"href":"https:\/\/www.un.org\/sustainabledevelopment\/es\/wp-json\/wp\/v2\/tags?post=2397"}],"curies":[{"name":"wp","href":"https:\/\/api.w.org\/{rel}","templated":true}]}}