  {"id":2407,"date":"2015-05-11T14:06:25","date_gmt":"2015-05-11T18:06:25","guid":{"rendered":"http:\/\/www.un.org\/sustainabledevelopment\/es\/?p=2407"},"modified":"2017-11-13T16:02:56","modified_gmt":"2017-11-13T21:02:56","slug":"las-madres-y-sus-hijos-necesitan-mas-no-menos-proteccion-social","status":"publish","type":"post","link":"https:\/\/www.un.org\/sustainabledevelopment\/es\/2015\/05\/las-madres-y-sus-hijos-necesitan-mas-no-menos-proteccion-social\/","title":{"rendered":"Las madres y sus hijos necesitan m\u00e1s \u2013 no menos \u2013 protecci\u00f3n social"},"content":{"rendered":"<p>GINEBRA (OIT Noticias) \u2013 La falta de acceso a la protecci\u00f3n social (*) sigue siendo una realidad para un gran n\u00famero madres y ni\u00f1os en todo el mundo, seg\u00fan dos nuevos estudios publicados por la Organizaci\u00f3n Internacional del Trabajo (OIT).<\/p>\n<p>El informe <a href=\"http:\/\/www.ilo.org\/secsoc\/information-resources\/publications-and-tools\/policy-papers\/WCMS_366590\/lang--es\/index.htm\"><em>Social protection for maternity: Key policy trends and statistics<\/em><\/a> (<em>Protecci\u00f3n social de la maternidad: Principales tendencias pol\u00edticas y estad\u00edsticas<\/em>) muestra que s\u00f3lo 36 por ciento de las mujeres empleadas tiene derecho a recibir prestaciones econ\u00f3micas durante su licencia por maternidad. Sin embargo, en la pr\u00e1ctica, la legislaci\u00f3n sobre la licencia de maternidad es aplicada ineficazmente, de manera que s\u00f3lo 28 por ciento de las trabajadoras est\u00e1n cubiertas en caso de maternidad.<\/p>\n<p>El estudio <a href=\"http:\/\/www.ilo.org\/secsoc\/information-resources\/publications-and-tools\/policy-papers\/WCMS_366592\/lang--es\/index.htm\"><em>Social protection for children: Key policy trends and statistics<\/em><\/a> (<em>Protecci\u00f3n social para los ni\u00f1os: principales tendencias pol\u00edticas y estad\u00edsticas<\/em>) tambi\u00e9n presenta un panorama alarmante. Muestra que, si bien en los \u00faltimos a\u00f1os ha habido un aumento vertiginoso de los peque\u00f1os mecanismos de transferencias en efectivo, persiste un d\u00e9ficit considerable en lo que se refiere a la disponibilidad de prestaciones familiares y para los hijos. De acuerdo con el estudio, 108 pa\u00edses disponen de programas espec\u00edficos en la materia, previstos por la ley, pero estos con frecuencia s\u00f3lo cubren a grupos peque\u00f1os.<\/p>\n<blockquote><p>\u00abCada d\u00eda, alrededor de 800 mujeres mueren por causas relacionadas con el parto. Adem\u00e1s, 18.000 ni\u00f1os fallecen diariamente. La triste realidad es que a pesar de los esfuerzos realizados en el marco del proceso de los Objetivos de Desarrollo del Milenio, las tasas de mortalidad infantil y maternal en los pa\u00edses en desarrollo son a\u00fan demasiado altas\u00bb, declar\u00f3 Isabel Ortiz, Directora del Departamento de Protecci\u00f3n Social de la OIT.<\/p><\/blockquote>\n<blockquote><p>Cada d\u00eda, alrededor de 800 mujeres mueren por causas relacionadas con el parto (&#8230;) La mayor\u00eda de estas muertes pueden ser prevenidas con una protecci\u00f3n social adecuada.\u00bb Isabel Ortiz, Directora del Departamento de Protecci\u00f3n Social de la OIT<\/p><\/blockquote>\n<blockquote><p>\u00abLa mayor\u00eda de estas muertes pueden ser prevenidas con una protecci\u00f3n social adecuada. La atenci\u00f3n m\u00e9dica maternal e infantil universal son indispensables para reducir las altas tasas de mortalidad, acompa\u00f1adas de transferencias en efectivo a fin de responder a las necesidades de alimentaci\u00f3n, de vestido y el acceso a los servicios sociales\u00bb, agreg\u00f3.<\/p><\/blockquote>\n<p>Los ajustes presupuestarios menoscaban la protecci\u00f3n social de madres y ni\u00f1os<\/p>\n<p>Una de las tendencias preocupantes es que en algunos pa\u00edses los niveles de prestaciones familiares y de maternidad han disminuido como consecuencia de las pol\u00edticas de consolidaci\u00f3n fiscal.<\/p>\n<p>Por ejemplo, diversos pa\u00edses europeos han reducido el nivel de las prestaciones de maternidad y para la infancia o han limitado su cobertura.<\/p>\n<p>\u00abLas medidas de ajuste y de consolidaci\u00f3n fiscal ponen en peligro los progresos alcanzados en materia de protecci\u00f3n social para ni\u00f1os y familias\u00bb, se\u00f1al\u00f3 Ortiz. \u00abLa pobreza infantil aument\u00f3 en 18 de los 28 pa\u00edses de la Uni\u00f3n Europea entre 2008 y 2013\u00bb.<\/p>\n<h2>Cobertura universal: \u00bfCu\u00e1nto cuesta?<\/h2>\n<p>Por otra parte, diversos pa\u00edses de ingresos bajos y medios han extendido la duraci\u00f3n de la licencia de maternidad remunerada o introducido prestaciones en efectivo para las mujeres y sus hijos. Sin embargo, a\u00fan persisten grandes d\u00e9ficits en la cobertura.<\/p>\n<p>Los informes analizan una muestra de 57 pa\u00edses de ingresos bajos y medios y se\u00f1alan que la introducci\u00f3n de una prestaci\u00f3n en efectivo universal supondr\u00eda una inversi\u00f3n promedio de 0,41 por ciento del producto interno bruto (PIB).<\/p>\n<p>Al mismo tiempo, disponer de prestaciones universales por hijos a cargo representar\u00eda un gasto promedio de 1,9 por ciento del PIB nacional. Los costos estimados de un r\u00e9gimen b\u00e1sico de prestaci\u00f3n universal por hijos a cargo var\u00edan mucho entre un pa\u00eds y otro, de 5,2 por ciento del PIB para Nigeria a 0,2 por ciento del PIB para Guyana, considerando que los ni\u00f1os constituyen una gran proporci\u00f3n de la poblaci\u00f3n en esos pa\u00edses.<\/p>\n<p>La misma variaci\u00f3n se aplica a la protecci\u00f3n b\u00e1sica universal de la maternidad, donde var\u00eda de menos de 0,1 por ciento del PIB en But\u00e1n, Guyana, India, Indonesia, Mongolia, Marruecos, Sri Lanka y Vietnam a 1,1 por ciento del PIB en Nigeria.<\/p>\n<blockquote><p>\u00abEn momentos en que el mundo discute la agenda de desarrollo para despu\u00e9s de 2015, es fundamental que la comunidad internacional identifique los recursos financieros para la protecci\u00f3n social\u00bb, afirm\u00f3 Isabel Ortiz citando la <a title=\"Recomendaci\u00f3n sobre los pisos de protecci\u00f3n social, 2012 (n\u00fam. 202) de la OIT\" href=\"http:\/\/www.ilo.org\/dyn\/normlex\/es\/f?p=NORMLEXPUB:12100:0::NO::P12100_ILO_CODE:R202\">Recomendaci\u00f3n sobre los pisos de protecci\u00f3n social, 2012 (n\u00fam. 202) de la OIT<\/a>.<\/p><\/blockquote>\n<blockquote><p>\u00abSe trata de eligir las prioridades acertadas: el costo total de las prestaciones universales para todas las mujeres embarazadas y todos los ni\u00f1os de 57 pa\u00edses de ingresos bajos representa s\u00f3lo el 0,6 por ciento de la cifra utilizada por los pa\u00edses del G20 para rescatar al sector financiero en 2009\u00bb, concluy\u00f3 Isabel Ortiz.<\/p><\/blockquote>\n<p>La Recomendaci\u00f3n sobre los pisos de protecci\u00f3n social, 2012 (n\u00fam. 202) refleja un consenso entre los gobiernos y las organizaciones de empleadores y de trabajadores de 185 pa\u00edses sobre la necesidad de extender la seguridad social.<\/p>\n<p>Ambos estudios presentan datos nacionales detallados sobre la protecci\u00f3n de la maternidad y las prestaciones familiares y para los ni\u00f1os en los 188 pa\u00edses examinados.<\/p>\n<p>&nbsp;<\/p>\n<hr \/>\n<p>* La OIT define la protecci\u00f3n social como el conjunto de medidas p\u00fablicas que una sociedad proporciona a sus miembros para protegerlos contra las dificultades y las privaciones econ\u00f3micas ocasionadas por la p\u00e9rdida o la reducci\u00f3n sustancial de la renta laboral a causa de enfermedad, maternidad, desempleo, invalidez, vejez, y otros; para ofrecerles acceso a la atenci\u00f3n m\u00e9dica y la provisi\u00f3n de prestaciones para las familias con hijos. Este concepto de garant\u00edas en materia de protecci\u00f3n social o de seguridad social dirigidas a reducir\/prevenir la pobreza y la vulnerabilidad est\u00e1 reflejado en diversas normas de la OIT aprobadas por todos los pa\u00edses del mundo.<\/p>\n<p><a title=\"Las madres y sus hijos necesitan m\u00e1s \u2013 no menos \u2013 protecci\u00f3n social\" href=\"http:\/\/www.ilo.org\/global\/about-the-ilo\/newsroom\/news\/WCMS_366211\/lang--es\/index.htm\"><br \/>\nOrganizaci\u00f3n Internacional del Trabajo (OIT)<\/a><\/p>\n","protected":false},"excerpt":{"rendered":"<p>GINEBRA (OIT Noticias) \u2013 La falta de acceso a la  [&#8230;]<\/p>\n","protected":false},"author":37,"featured_media":2412,"comment_status":"closed","ping_status":"closed","sticky":false,"template":"","format":"standard","meta":{"_et_pb_use_builder":"","_et_pb_old_content":"","_et_gb_content_width":"","footnotes":""},"categories":[10,16,11],"tags":[],"class_list":["post-2407","post","type-post","status-publish","format-standard","has-post-thumbnail","hentry","category-gender-equality","category-news","category-health"],"_links":{"self":[{"href":"https:\/\/www.un.org\/sustainabledevelopment\/es\/wp-json\/wp\/v2\/posts\/2407","targetHints":{"allow":["GET"]}}],"collection":[{"href":"https:\/\/www.un.org\/sustainabledevelopment\/es\/wp-json\/wp\/v2\/posts"}],"about":[{"href":"https:\/\/www.un.org\/sustainabledevelopment\/es\/wp-json\/wp\/v2\/types\/post"}],"author":[{"embeddable":true,"href":"https:\/\/www.un.org\/sustainabledevelopment\/es\/wp-json\/wp\/v2\/users\/37"}],"replies":[{"embeddable":true,"href":"https:\/\/www.un.org\/sustainabledevelopment\/es\/wp-json\/wp\/v2\/comments?post=2407"}],"version-history":[{"count":0,"href":"https:\/\/www.un.org\/sustainabledevelopment\/es\/wp-json\/wp\/v2\/posts\/2407\/revisions"}],"wp:featuredmedia":[{"embeddable":true,"href":"https:\/\/www.un.org\/sustainabledevelopment\/es\/wp-json\/wp\/v2\/media\/2412"}],"wp:attachment":[{"href":"https:\/\/www.un.org\/sustainabledevelopment\/es\/wp-json\/wp\/v2\/media?parent=2407"}],"wp:term":[{"taxonomy":"category","embeddable":true,"href":"https:\/\/www.un.org\/sustainabledevelopment\/es\/wp-json\/wp\/v2\/categories?post=2407"},{"taxonomy":"post_tag","embeddable":true,"href":"https:\/\/www.un.org\/sustainabledevelopment\/es\/wp-json\/wp\/v2\/tags?post=2407"}],"curies":[{"name":"wp","href":"https:\/\/api.w.org\/{rel}","templated":true}]}}