  {"id":2471,"date":"2015-05-15T12:00:27","date_gmt":"2015-05-15T16:00:27","guid":{"rendered":"http:\/\/www.un.org\/sustainabledevelopment\/es\/?p=2471"},"modified":"2017-11-29T16:51:26","modified_gmt":"2017-11-29T21:51:26","slug":"onusida-alerta-sobre-la-persistencia-de-la-homofobia-la-transfobia-y-la-bifobia","status":"publish","type":"post","link":"https:\/\/www.un.org\/sustainabledevelopment\/es\/2015\/05\/onusida-alerta-sobre-la-persistencia-de-la-homofobia-la-transfobia-y-la-bifobia\/","title":{"rendered":"ONUSIDA alerta sobre la persistencia de la homofobia, la transfobia y la bifobia"},"content":{"rendered":"<div class=\"fusion-fullwidth fullwidth-box fusion-builder-row-1 hundred-percent-fullwidth non-hundred-percent-height-scrolling\" style=\"--awb-border-radius-top-left:0px;--awb-border-radius-top-right:0px;--awb-border-radius-bottom-right:0px;--awb-border-radius-bottom-left:0px;--awb-overflow:visible;--awb-flex-wrap:wrap;\" ><div class=\"fusion-builder-row fusion-row\"><div class=\"fusion-layout-column fusion_builder_column fusion-builder-column-0 fusion_builder_column_1_1 1_1 fusion-one-full fusion-column-first fusion-column-last fusion-column-no-min-height\" style=\"--awb-bg-size:cover;--awb-margin-bottom:0px;\"><div class=\"fusion-column-wrapper fusion-flex-column-wrapper-legacy\"><div class=\"fusion-text fusion-text-1\"><p>14 de mayo de 2015 \u2014 El Responsable de ONUSIDA, Michel Sidib\u00e9, afirm\u00f3 hoy que se vive una \u00e9poca de r\u00e1pidos cambios sociales, con el alcance de nuevas fronteras y la celebraci\u00f3n de logros notables por las personas lesbianas, gays, bisexuales, transg\u00e9nero e intersexuales (LGTBI)<\/p>\n<p>A pesar de esta transformaci\u00f3n, en un mensaje por el D\u00eda Internacional contra la Homofobia, la Transfobia y la Bifobia, que se celebra el 17 de mayo, Sidib\u00e9 advirti\u00f3 que los actos de discriminaci\u00f3n y violencia contra esa comunidad persisten.<\/p>\n<p>\u201cNo podemos tolerar que los derechos se escojan a gusto de cada cual en una sociedad moderna, en una sociedad que celebre la diversidad; una sociedad donde todo el mundo, viva donde viva o ame a quien ame, pueda vivir en paz y seguridad; una sociedad donde todo el mundo pueda contribuir a la salud y el bienestar de su comunidad\u201d, apunt\u00f3 en su mensaje el director ejecutivo de ONUSIDA.<\/p>\n<p>Sidib\u00e9 se\u00f1al\u00f3 que esa sociedad puede hacerse realidad y que para eso es necesaria la solidaridad mundial.<\/p>\n<p><a title=\"ONUSIDA alerta sobre la persistencia de la homofobia, la transfobia y la bifobia\" href=\"http:\/\/www.un.org\/spanish\/News\/story.asp?NewsID=32358\">Centro de noticias de la ONU<\/a><\/p>\n<\/div><div class=\"fusion-clearfix\"><\/div><\/div><\/div><\/div><\/div>\n","protected":false},"excerpt":{"rendered":"","protected":false},"author":37,"featured_media":0,"comment_status":"closed","ping_status":"closed","sticky":false,"template":"","format":"video","meta":{"_et_pb_use_builder":"","_et_pb_old_content":"","_et_gb_content_width":"","footnotes":""},"categories":[87],"tags":[],"class_list":["post-2471","post","type-post","status-publish","format-video","hentry","category-video-desigualdad","post_format-post-format-video"],"_links":{"self":[{"href":"https:\/\/www.un.org\/sustainabledevelopment\/es\/wp-json\/wp\/v2\/posts\/2471","targetHints":{"allow":["GET"]}}],"collection":[{"href":"https:\/\/www.un.org\/sustainabledevelopment\/es\/wp-json\/wp\/v2\/posts"}],"about":[{"href":"https:\/\/www.un.org\/sustainabledevelopment\/es\/wp-json\/wp\/v2\/types\/post"}],"author":[{"embeddable":true,"href":"https:\/\/www.un.org\/sustainabledevelopment\/es\/wp-json\/wp\/v2\/users\/37"}],"replies":[{"embeddable":true,"href":"https:\/\/www.un.org\/sustainabledevelopment\/es\/wp-json\/wp\/v2\/comments?post=2471"}],"version-history":[{"count":0,"href":"https:\/\/www.un.org\/sustainabledevelopment\/es\/wp-json\/wp\/v2\/posts\/2471\/revisions"}],"wp:attachment":[{"href":"https:\/\/www.un.org\/sustainabledevelopment\/es\/wp-json\/wp\/v2\/media?parent=2471"}],"wp:term":[{"taxonomy":"category","embeddable":true,"href":"https:\/\/www.un.org\/sustainabledevelopment\/es\/wp-json\/wp\/v2\/categories?post=2471"},{"taxonomy":"post_tag","embeddable":true,"href":"https:\/\/www.un.org\/sustainabledevelopment\/es\/wp-json\/wp\/v2\/tags?post=2471"}],"curies":[{"name":"wp","href":"https:\/\/api.w.org\/{rel}","templated":true}]}}