  {"id":2488,"date":"2015-05-20T11:25:57","date_gmt":"2015-05-20T15:25:57","guid":{"rendered":"http:\/\/www.un.org\/sustainabledevelopment\/es\/?p=2488"},"modified":"2017-11-13T16:02:52","modified_gmt":"2017-11-13T21:02:52","slug":"la-energia-sostenible-es-clave-para-detener-el-cambio-climatico-y-lograr-la-equidad-social","status":"publish","type":"post","link":"https:\/\/www.un.org\/sustainabledevelopment\/es\/2015\/05\/la-energia-sostenible-es-clave-para-detener-el-cambio-climatico-y-lograr-la-equidad-social\/","title":{"rendered":"La energ\u00eda sostenible es clave para detener el cambio clim\u00e1tico y lograr la equidad social"},"content":{"rendered":"<p>20 de mayo de 2015 \u2014 La energ\u00eda sustentable es el nexo que conecta el crecimiento econ\u00f3mico, la equidad social y la protecci\u00f3n del medio ambiente. Adem\u00e1s, es esencial para combatir el cambio clim\u00e1tico, subray\u00f3 hoy el vicesecretario general de Naciones Unidas.<\/p>\n<p>Jan Eliasson, dio apertura a un foro ministerial sobre el tema, celebrado en la Asamblea General de la ONU.<\/p>\n<p>En su participaci\u00f3n, Eliasson llam\u00f3 a la comunidad internacional a proponer estrategias transformadoras en las pr\u00f3ximas reuniones sobre desarrollo a celebrarse este a\u00f1o en Addis Abeba y Nueva York, y en la de cambio clim\u00e1tico en Par\u00eds, con el objetivo de acabar con los patrones de producci\u00f3n y consumo insostenibles.<\/p>\n<blockquote><p>\u00abEn la actualidad, los desaf\u00edos complejos que afrontamos demandan soluciones que involucren a todos los actores. Ning\u00fan sector puede detener el cambio clim\u00e1tico o restaurar la biodiversidad por cuenta propia. Ninguna entidad puede acaban con la pobreza o promover la equidad por s\u00ed sola. El \u00e9xito depende de los gobiernos, las empresas, los inversionistas, los educadores, los cient\u00edficos, la sociedad civil, y los ciudadanos, actuando concertadamente\u00bb, sostuvo Eliasson.<\/p><\/blockquote>\n<p>El vicesecretario general indic\u00f3 que s\u00f3lo de esa manera ser\u00e1 posible proveer energ\u00eda a los que m\u00e1s lo necesitan, como las cl\u00ednicas rurales, adem\u00e1s de fortalecer a los negocios locales y las econom\u00edas mientras se protege al medio ambiente.<\/p>\n<p><a href=\"http:\/\/www.un.org\/spanish\/News\/story.asp?NewsID=32393\" title=\"Energ\u00eda sostenible: ONU insta a transformar patrones de consumo\"><br \/>\nCentro de noticias de la ONU<\/a><\/p>\n","protected":false},"excerpt":{"rendered":"<p>20 de mayo de 2015 \u2014 La energ\u00eda sustentable es  [&#8230;]<\/p>\n","protected":false},"author":37,"featured_media":2491,"comment_status":"closed","ping_status":"closed","sticky":false,"template":"","format":"standard","meta":{"_et_pb_use_builder":"","_et_pb_old_content":"","_et_gb_content_width":"","footnotes":""},"categories":[8,16],"tags":[],"class_list":["post-2488","post","type-post","status-publish","format-standard","has-post-thumbnail","hentry","category-energy","category-news"],"_links":{"self":[{"href":"https:\/\/www.un.org\/sustainabledevelopment\/es\/wp-json\/wp\/v2\/posts\/2488","targetHints":{"allow":["GET"]}}],"collection":[{"href":"https:\/\/www.un.org\/sustainabledevelopment\/es\/wp-json\/wp\/v2\/posts"}],"about":[{"href":"https:\/\/www.un.org\/sustainabledevelopment\/es\/wp-json\/wp\/v2\/types\/post"}],"author":[{"embeddable":true,"href":"https:\/\/www.un.org\/sustainabledevelopment\/es\/wp-json\/wp\/v2\/users\/37"}],"replies":[{"embeddable":true,"href":"https:\/\/www.un.org\/sustainabledevelopment\/es\/wp-json\/wp\/v2\/comments?post=2488"}],"version-history":[{"count":0,"href":"https:\/\/www.un.org\/sustainabledevelopment\/es\/wp-json\/wp\/v2\/posts\/2488\/revisions"}],"wp:featuredmedia":[{"embeddable":true,"href":"https:\/\/www.un.org\/sustainabledevelopment\/es\/wp-json\/wp\/v2\/media\/2491"}],"wp:attachment":[{"href":"https:\/\/www.un.org\/sustainabledevelopment\/es\/wp-json\/wp\/v2\/media?parent=2488"}],"wp:term":[{"taxonomy":"category","embeddable":true,"href":"https:\/\/www.un.org\/sustainabledevelopment\/es\/wp-json\/wp\/v2\/categories?post=2488"},{"taxonomy":"post_tag","embeddable":true,"href":"https:\/\/www.un.org\/sustainabledevelopment\/es\/wp-json\/wp\/v2\/tags?post=2488"}],"curies":[{"name":"wp","href":"https:\/\/api.w.org\/{rel}","templated":true}]}}