  {"id":2539,"date":"2015-05-26T09:57:51","date_gmt":"2015-05-26T13:57:51","guid":{"rendered":"http:\/\/www.un.org\/sustainabledevelopment\/es\/?p=2539"},"modified":"2017-11-13T16:02:50","modified_gmt":"2017-11-13T21:02:50","slug":"en-el-dia-de-africa-ban-ki-moon-destaca-el-coraje-del-continente-en-su-lucha-contra-el-ebola","status":"publish","type":"post","link":"https:\/\/www.un.org\/sustainabledevelopment\/es\/2015\/05\/en-el-dia-de-africa-ban-ki-moon-destaca-el-coraje-del-continente-en-su-lucha-contra-el-ebola\/","title":{"rendered":"En el D\u00eda de \u00c1frica, Ban Ki-moon destaca el coraje del continente en su lucha contra el \u00e9bola"},"content":{"rendered":"<p>25 de mayo, 2015 \u2014 El Secretario General de Naciones Unidas, en un mensaje para conmemorar el D\u00eda de \u00c1frica, que cada 25 de mayo celebra la fundaci\u00f3n de la Organizaci\u00f3n de la Unidad Africana, destac\u00f3 el coraje y la determinaci\u00f3n del continente para acabar con el brote de \u00e9bola y urgir a los l\u00edderes a reafirmar su compromiso con el fin de la violencia contra la mujer.<\/p>\n<p>\u201cEl principal acontecimiento del a\u00f1o fue la crisis del \u00e9bola que azot\u00f3 \u00c1frica Occidental, causando la muerte de al menos 11.000 personas y amenazando muchos de los costosos avances sociales, econ\u00f3micos y pol\u00edticos logrados\u201d, dijo Ban Ki-moon.<\/p>\n<p>El Titular de la ONU destac\u00f3 que ahora la prioridad es intensificar los esfuerzos para reducir el n\u00famero de casos a cero, reparar los da\u00f1os y afianzar la fortaleza social e institucional de \u00c1frica.<\/p>\n<p>Para movilizar el apoyo a esta causa, Ban organizar\u00e1 una Conferencia Internacional para la Recuperaci\u00f3n del \u00c9bola en la sede de la ONU, en Nueva York, en julio.<\/p>\n<p>En general, la econom\u00eda del continente creci\u00f3 en torno a un 4 por ciento en 2014, uno de los per\u00edodos m\u00e1s largos e ininterrumpidos de expansi\u00f3n econ\u00f3mica en la historia africana.<\/p>\n<p>\u201cComo resultado, un n\u00famero cada vez mayor de africanos se ha incorporado a la clase media cada a\u00f1o. Con una mayor inversi\u00f3n en educaci\u00f3n, salud e infraestructura, el horizonte para \u00c1frica es prometedor\u201d, a\u00f1adi\u00f3 el Secretario General.<\/p>\n<p>Ahora, el desaf\u00edo es repartir esos beneficios del progreso de \u00c1frica de una manera m\u00e1s generalizada y profunda en todo el continente, especialmente entre las mujeres y las ni\u00f1as. Empoderar a las mujeres ayudar\u00e1 a construir sociedades mejores, m\u00e1s igualitarias y m\u00e1s pr\u00f3speras, se\u00f1al\u00f3 Ban.<\/p>\n<blockquote><p>\u00ab\u00c1frica es el l\u00edder del mundo en representaci\u00f3n femenina en los parlamentos y el continente tiene una de las mayores tasas de emprendimiento femenino. Inspir\u00e9monos en sus \u00e9xitos e intensifiquemos nuestros esfuerzos para brindarles a las mujeres africanas un mayor acceso a la educaci\u00f3n, el trabajo, la atenci\u00f3n sanitaria y, de esta manera, acelerar la transformaci\u00f3n de \u00c1frica\u00bb, dijo el Titular de la ONU.<\/p><\/blockquote>\n<p>A pesar del progreso, Ban no ignor\u00f3 el problema de la violencia, que sigue suponiendo un grave problema en el continente. <\/p>\n<blockquote><p>\u00abSabemos que los conflictos estallan all\u00ed donde la gente sufre violaciones de derechos humanos, exclusi\u00f3n, pobreza y una mala gobernanza\u00bb, indic\u00f3 el Secretario General. En este contexto, encomi\u00f3 el proyecto de \u00c1frica de construir una sociedad para 2063 que sea pac\u00edfica y pr\u00f3spera, d\u00f3nde la democracia, los derechos humanos y el imperio de la ley est\u00e9n arraigados, empezando por un silencio de todas las armas para 2020.<\/p><\/blockquote>\n<p><a href=\"http:\/\/www.un.org\/spanish\/News\/story.asp?NewsID=32429\" title=\"En el D\u00eda de \u00c1frica, Ban Ki-moon destaca el coraje del continente en su lucha contra el \u00e9bola\">Centro de noticias de la ONU<\/a><\/p>\n","protected":false},"excerpt":{"rendered":"<p>25 de mayo, 2015 \u2014 El Secretario General de Naciones  [&#8230;]<\/p>\n","protected":false},"author":37,"featured_media":2542,"comment_status":"closed","ping_status":"closed","sticky":false,"template":"","format":"standard","meta":{"_et_pb_use_builder":"","_et_pb_old_content":"","_et_gb_content_width":"","footnotes":""},"categories":[6,10,16,11],"tags":[],"class_list":["post-2539","post","type-post","status-publish","format-standard","has-post-thumbnail","hentry","category-economic-growth","category-gender-equality","category-news","category-health"],"_links":{"self":[{"href":"https:\/\/www.un.org\/sustainabledevelopment\/es\/wp-json\/wp\/v2\/posts\/2539","targetHints":{"allow":["GET"]}}],"collection":[{"href":"https:\/\/www.un.org\/sustainabledevelopment\/es\/wp-json\/wp\/v2\/posts"}],"about":[{"href":"https:\/\/www.un.org\/sustainabledevelopment\/es\/wp-json\/wp\/v2\/types\/post"}],"author":[{"embeddable":true,"href":"https:\/\/www.un.org\/sustainabledevelopment\/es\/wp-json\/wp\/v2\/users\/37"}],"replies":[{"embeddable":true,"href":"https:\/\/www.un.org\/sustainabledevelopment\/es\/wp-json\/wp\/v2\/comments?post=2539"}],"version-history":[{"count":0,"href":"https:\/\/www.un.org\/sustainabledevelopment\/es\/wp-json\/wp\/v2\/posts\/2539\/revisions"}],"wp:featuredmedia":[{"embeddable":true,"href":"https:\/\/www.un.org\/sustainabledevelopment\/es\/wp-json\/wp\/v2\/media\/2542"}],"wp:attachment":[{"href":"https:\/\/www.un.org\/sustainabledevelopment\/es\/wp-json\/wp\/v2\/media?parent=2539"}],"wp:term":[{"taxonomy":"category","embeddable":true,"href":"https:\/\/www.un.org\/sustainabledevelopment\/es\/wp-json\/wp\/v2\/categories?post=2539"},{"taxonomy":"post_tag","embeddable":true,"href":"https:\/\/www.un.org\/sustainabledevelopment\/es\/wp-json\/wp\/v2\/tags?post=2539"}],"curies":[{"name":"wp","href":"https:\/\/api.w.org\/{rel}","templated":true}]}}