  {"id":2614,"date":"2015-05-29T13:50:14","date_gmt":"2015-05-29T17:50:14","guid":{"rendered":"http:\/\/www.un.org\/sustainabledevelopment\/es\/?p=2614"},"modified":"2017-11-13T16:02:47","modified_gmt":"2017-11-13T21:02:47","slug":"ban-senala-que-los-jovenes-son-el-futuro-y-que-73-millones-no-tienen-trabajo","status":"publish","type":"post","link":"https:\/\/www.un.org\/sustainabledevelopment\/es\/2015\/05\/ban-senala-que-los-jovenes-son-el-futuro-y-que-73-millones-no-tienen-trabajo\/","title":{"rendered":"Ban se\u00f1ala que los j\u00f3venes son el futuro y que 73 millones no tienen trabajo"},"content":{"rendered":"<p>29 de mayo de 2015 \u2014 La Asamblea General de la ONU celebra hoy un evento de alto nivel con motivo del 20\u00ba aniversario del Programa Mundial de Acci\u00f3n para los J\u00f3venes, cuyo objetivo es promover el desarrollo de ese grupo de poblaci\u00f3n e integrarlo a las agendas, planes y toma de decisiones de los gobiernos.<\/p>\n<p>Al inaugurar la sesi\u00f3n, el Secretario General de Naciones Unidas refrend\u00f3 el compromiso del organismo mundial con la juventud y afirm\u00f3 que ese colectivo puede ser el motor de transformaci\u00f3n hacia un futuro m\u00e1s sostenible y equitativo.<\/p>\n<p>Ban Ki-moon sostuvo que la comunidad internacional tiene este a\u00f1o la oportunidad \u00fanica de cambiar el curso de la historia con la elaboraci\u00f3n de las metas de desarrollo que se adoptar\u00e1n en septiembre pr\u00f3ximo, en el marco del 70\u00ba aniversario de la ONU.<\/p>\n<p>Y los j\u00f3venes tienen un papel crucial en este proceso, sostuvo Ban.<\/p>\n<blockquote><p>\u00abComo la generaci\u00f3n m\u00e1s numerosa de j\u00f3venes que el mundo haya conocido, ustedes son quienes pueden realizar el cambio. Ustedes son la primera generaci\u00f3n que puede acabar con la pobreza, y son tambi\u00e9n la \u00faltima generaci\u00f3n que puede actuar para evitar los peores efectos del cambio clim\u00e1tico. Su voz y sus acciones son esenciales\u00bb, enfatiz\u00f3.<\/p><\/blockquote>\n<p>El titular de la ONU record\u00f3 que la juventud ha sido afectada de forma desproporcionada por la crisis econ\u00f3mica, que 73 millones de j\u00f3venes se encuentran desempleados y que las mujeres de ese grupo contin\u00faan sufriendo violencia y discriminaci\u00f3n en todas las arenas.<\/p>\n<p>En este contexto, dijo que el Programa Mundial de Acci\u00f3n para los J\u00f3venes busca mejorar la situaci\u00f3n de ese colectivo por medio de su participaci\u00f3n. <\/p>\n<p>Finalmente, se\u00f1al\u00f3 que los j\u00f3venes deben estar en el centro de los planes de desarrollo nacionales y tener injerencia en la elaboraci\u00f3n de pol\u00edticas y programas econ\u00f3micos, sociales y educativos.<\/p>\n<blockquote><p>\u00abNo podemos hablar de desarrollo sostenible sin la inclusi\u00f3n activa de la juventud\u00bb, puntualiz\u00f3 Ban.<\/p><\/blockquote>\n<p>El evento de la Asamblea General reuni\u00f3 a ministros de decenas de pa\u00edses, altos dirigentes de organizaciones internacionales y representantes de j\u00f3venes de todo el mundo.<\/p>\n<p><a href=\"http:\/\/www.un.org\/spanish\/News\/story.asp?newsID=32473\" title=\"Ban se\u00f1ala que los j\u00f3venes son el futuro y que 73 millones no tienen trabajo\">Centro de noticias de la ONU<\/a><\/p>\n","protected":false},"excerpt":{"rendered":"<p>29 de mayo de 2015 \u2014 La Asamblea General de  [&#8230;]<\/p>\n","protected":false},"author":37,"featured_media":2617,"comment_status":"closed","ping_status":"closed","sticky":false,"template":"","format":"standard","meta":{"_et_pb_use_builder":"","_et_pb_old_content":"","_et_gb_content_width":"","footnotes":""},"categories":[16,33],"tags":[],"class_list":["post-2614","post","type-post","status-publish","format-standard","has-post-thumbnail","hentry","category-news","category-programa-de-desarrollo-sostenible"],"_links":{"self":[{"href":"https:\/\/www.un.org\/sustainabledevelopment\/es\/wp-json\/wp\/v2\/posts\/2614","targetHints":{"allow":["GET"]}}],"collection":[{"href":"https:\/\/www.un.org\/sustainabledevelopment\/es\/wp-json\/wp\/v2\/posts"}],"about":[{"href":"https:\/\/www.un.org\/sustainabledevelopment\/es\/wp-json\/wp\/v2\/types\/post"}],"author":[{"embeddable":true,"href":"https:\/\/www.un.org\/sustainabledevelopment\/es\/wp-json\/wp\/v2\/users\/37"}],"replies":[{"embeddable":true,"href":"https:\/\/www.un.org\/sustainabledevelopment\/es\/wp-json\/wp\/v2\/comments?post=2614"}],"version-history":[{"count":0,"href":"https:\/\/www.un.org\/sustainabledevelopment\/es\/wp-json\/wp\/v2\/posts\/2614\/revisions"}],"wp:featuredmedia":[{"embeddable":true,"href":"https:\/\/www.un.org\/sustainabledevelopment\/es\/wp-json\/wp\/v2\/media\/2617"}],"wp:attachment":[{"href":"https:\/\/www.un.org\/sustainabledevelopment\/es\/wp-json\/wp\/v2\/media?parent=2614"}],"wp:term":[{"taxonomy":"category","embeddable":true,"href":"https:\/\/www.un.org\/sustainabledevelopment\/es\/wp-json\/wp\/v2\/categories?post=2614"},{"taxonomy":"post_tag","embeddable":true,"href":"https:\/\/www.un.org\/sustainabledevelopment\/es\/wp-json\/wp\/v2\/tags?post=2614"}],"curies":[{"name":"wp","href":"https:\/\/api.w.org\/{rel}","templated":true}]}}