  {"id":2779,"date":"2015-06-03T14:44:48","date_gmt":"2015-06-03T18:44:48","guid":{"rendered":"http:\/\/www.un.org\/sustainabledevelopment\/es\/?p=2779"},"modified":"2017-11-13T16:02:47","modified_gmt":"2017-11-13T21:02:47","slug":"la-fao-e-ikea-unen-fuerzas-para-la-gestion-forestal-sostenible","status":"publish","type":"post","link":"https:\/\/www.un.org\/sustainabledevelopment\/es\/2015\/06\/la-fao-e-ikea-unen-fuerzas-para-la-gestion-forestal-sostenible\/","title":{"rendered":"La FAO e IKEA unen fuerzas para la gesti\u00f3n forestal sostenible"},"content":{"rendered":"<p>3 de junio de 2015 \u2014 La FAO y la cadena sueca de muebles y productos para el hogar, IKEA, participar\u00e1n en una iniciativa de certificaci\u00f3n forestal encaminada a promover la gesti\u00f3n sostenible de los bosques y empoderar a las comunidades de Vietnam que subsisten de ese recurso natural.<\/p>\n<p>Anders Hildeman, Gerente Mundial de Asuntos Forestales de IKEA Suecia y el Subdirector General del Departamento Forestal de la FAO, Eduardo Rojas-Briales, firmaron hoy un acuerdo de cooperaci\u00f3n para este fin.<\/p>\n<p>Con el protocolo, las dos partes se comprometen a realizar un estudio para evaluar las opciones que permitan promover la certificaci\u00f3n y gesti\u00f3n forestal sostenible en el norte del pa\u00eds asi\u00e1tico.<\/p>\n<p>La certificaci\u00f3n permitir\u00e1 dar seguimiento a la sostenibilidad de la gesti\u00f3n forestal y localizar madera y otros productos forestales a trav\u00e9s de las cadenas de suministro, con el fin de garantizar que se hayan producido y manipulado de forma responsable y cumpliendo con la ley. <\/p>\n<p>El estudio tambi\u00e9n evaluar\u00e1 el potencial para ampliar sus actividades y repetirlas en mayor escala en otros lugares. <\/p>\n<p>El gerente de IKEA afirm\u00f3 que la iniciativa forma parte del compromiso de la cadena por obtener sus suministros de manera responsable y a contribuir a la sostenibilidad de la gesti\u00f3n forestal. <\/p>\n<p>A\u00f1adi\u00f3 que un importante volumen de sus suministros de madera proviene de peque\u00f1os agricultores de todo el mundo y que la asociaci\u00f3n con la FAO no s\u00f3lo permitir\u00e1 saber c\u00f3mo se gestionan los bosques en Vietnam, sino c\u00f3mo mejorar la vida cotidiana de los campesinos.<\/p>\n<p><a href=\"http:\/\/www.un.org\/spanish\/News\/story.asp?newsID=32509\" title=\"La FAO e IKEA unen fuerzas para la gesti\u00f3n forestal sostenible\">Centro de noticias de la ONU<\/a><\/p>\n","protected":false},"excerpt":{"rendered":"<p>3 de junio de 2015 \u2014 La FAO y la  [&#8230;]<\/p>\n","protected":false},"author":37,"featured_media":2782,"comment_status":"closed","ping_status":"closed","sticky":false,"template":"","format":"standard","meta":{"_et_pb_use_builder":"","_et_pb_old_content":"","_et_gb_content_width":"","footnotes":""},"categories":[9,16],"tags":[],"class_list":["post-2779","post","type-post","status-publish","format-standard","has-post-thumbnail","hentry","category-forests-desertification-and-biodiversity","category-news"],"_links":{"self":[{"href":"https:\/\/www.un.org\/sustainabledevelopment\/es\/wp-json\/wp\/v2\/posts\/2779","targetHints":{"allow":["GET"]}}],"collection":[{"href":"https:\/\/www.un.org\/sustainabledevelopment\/es\/wp-json\/wp\/v2\/posts"}],"about":[{"href":"https:\/\/www.un.org\/sustainabledevelopment\/es\/wp-json\/wp\/v2\/types\/post"}],"author":[{"embeddable":true,"href":"https:\/\/www.un.org\/sustainabledevelopment\/es\/wp-json\/wp\/v2\/users\/37"}],"replies":[{"embeddable":true,"href":"https:\/\/www.un.org\/sustainabledevelopment\/es\/wp-json\/wp\/v2\/comments?post=2779"}],"version-history":[{"count":0,"href":"https:\/\/www.un.org\/sustainabledevelopment\/es\/wp-json\/wp\/v2\/posts\/2779\/revisions"}],"wp:featuredmedia":[{"embeddable":true,"href":"https:\/\/www.un.org\/sustainabledevelopment\/es\/wp-json\/wp\/v2\/media\/2782"}],"wp:attachment":[{"href":"https:\/\/www.un.org\/sustainabledevelopment\/es\/wp-json\/wp\/v2\/media?parent=2779"}],"wp:term":[{"taxonomy":"category","embeddable":true,"href":"https:\/\/www.un.org\/sustainabledevelopment\/es\/wp-json\/wp\/v2\/categories?post=2779"},{"taxonomy":"post_tag","embeddable":true,"href":"https:\/\/www.un.org\/sustainabledevelopment\/es\/wp-json\/wp\/v2\/tags?post=2779"}],"curies":[{"name":"wp","href":"https:\/\/api.w.org\/{rel}","templated":true}]}}