  {"id":2815,"date":"2015-06-04T12:22:04","date_gmt":"2015-06-04T16:22:04","guid":{"rendered":"http:\/\/www.un.org\/sustainabledevelopment\/es\/?p=2815"},"modified":"2017-11-13T16:02:46","modified_gmt":"2017-11-13T21:02:46","slug":"erradicar-el-hambre-deberia-convertirse-en-un-movimiento-global-asegura-la-fao","status":"publish","type":"post","link":"https:\/\/www.un.org\/sustainabledevelopment\/es\/2015\/06\/erradicar-el-hambre-deberia-convertirse-en-un-movimiento-global-asegura-la-fao\/","title":{"rendered":"\u00abErradicar el hambre deber\u00eda convertirse en un movimiento global\u00bb, asegura la FAO"},"content":{"rendered":"<p>4 de junio de 2015 \u2014 Todo el mundo deber\u00eda unirse a un movimiento global para acabar con el hambre y la desnutrici\u00f3n de una vez por todas, dijo hoy el director general de la Organizaci\u00f3n de Naciones Unidas para la Alimentaci\u00f3n y la Agricultura (FAO).<\/p>\n<p>Graziano da Silva habl\u00f3 en la inauguraci\u00f3n del Foro Agr\u00edcola Internacional en la Expo de Mil\u00e1n, en Italia, a la que asisten unos 50 ministros del rubro y representantes de m\u00e1s de 100 pa\u00edses y organizaciones internacionales.<\/p>\n<p>Da Silva record\u00f3 que una de las prioridades de las negociaciones en pos de la nueva agenda de los Objetivos de Desarrollo Sostenible es acabar con el hambre, lograr la seguridad alimentaria y mejorar la nutrici\u00f3n, as\u00ed como promover una agricultura amigable con el medio ambiente.<\/p>\n<p>El director general de la FAO explic\u00f3 que la ra\u00edz de ese problema no es la escasez de alimentos sino la pobreza vinculada a una serie de desigualdades y a cuestiones como la falta de acceso al agua y la tierra.<\/p>\n<p>Adem\u00e1s, hay problemas de acceso a mejores ingresos, a los mercados de comercializaci\u00f3n y a una protecci\u00f3n social adecuada, dijo da Silva.<\/p>\n<p>Finalmente, anim\u00f3 a los ministros reunidos en el Foro a debatir formas de mejorar la seguridad alimentaria y la nutrici\u00f3n, as\u00ed como a plasmarlo el viernes en la \u00abCarta de Mil\u00e1n\u00bb, una iniciativa del gobierno italiano para impulsar compromisos en el tema.<\/p>\n<p><a href=\"http:\/\/www.un.org\/spanish\/News\/story.asp?newsID=32518\" title=\"&quot;Erradicar el hambre deber\u00eda convertirse en un movimiento global&quot;, asegura la FAO\"><br \/>\nCentro de noticias de la ONU<\/a><\/p>\n","protected":false},"excerpt":{"rendered":"<p>4 de junio de 2015 \u2014 Todo el mundo deber\u00eda  [&#8230;]<\/p>\n","protected":false},"author":37,"featured_media":2818,"comment_status":"closed","ping_status":"closed","sticky":false,"template":"","format":"standard","meta":{"_et_pb_use_builder":"","_et_pb_old_content":"","_et_gb_content_width":"","footnotes":""},"categories":[12,16,15,11],"tags":[],"class_list":["post-2815","post","type-post","status-publish","format-standard","has-post-thumbnail","hentry","category-hunger","category-news","category-mdgs","category-health"],"_links":{"self":[{"href":"https:\/\/www.un.org\/sustainabledevelopment\/es\/wp-json\/wp\/v2\/posts\/2815","targetHints":{"allow":["GET"]}}],"collection":[{"href":"https:\/\/www.un.org\/sustainabledevelopment\/es\/wp-json\/wp\/v2\/posts"}],"about":[{"href":"https:\/\/www.un.org\/sustainabledevelopment\/es\/wp-json\/wp\/v2\/types\/post"}],"author":[{"embeddable":true,"href":"https:\/\/www.un.org\/sustainabledevelopment\/es\/wp-json\/wp\/v2\/users\/37"}],"replies":[{"embeddable":true,"href":"https:\/\/www.un.org\/sustainabledevelopment\/es\/wp-json\/wp\/v2\/comments?post=2815"}],"version-history":[{"count":0,"href":"https:\/\/www.un.org\/sustainabledevelopment\/es\/wp-json\/wp\/v2\/posts\/2815\/revisions"}],"wp:featuredmedia":[{"embeddable":true,"href":"https:\/\/www.un.org\/sustainabledevelopment\/es\/wp-json\/wp\/v2\/media\/2818"}],"wp:attachment":[{"href":"https:\/\/www.un.org\/sustainabledevelopment\/es\/wp-json\/wp\/v2\/media?parent=2815"}],"wp:term":[{"taxonomy":"category","embeddable":true,"href":"https:\/\/www.un.org\/sustainabledevelopment\/es\/wp-json\/wp\/v2\/categories?post=2815"},{"taxonomy":"post_tag","embeddable":true,"href":"https:\/\/www.un.org\/sustainabledevelopment\/es\/wp-json\/wp\/v2\/tags?post=2815"}],"curies":[{"name":"wp","href":"https:\/\/api.w.org\/{rel}","templated":true}]}}