  {"id":2821,"date":"2015-06-04T11:47:02","date_gmt":"2015-06-04T15:47:02","guid":{"rendered":"http:\/\/www.un.org\/sustainabledevelopment\/es\/?p=2821"},"modified":"2017-11-13T16:02:46","modified_gmt":"2017-11-13T21:02:46","slug":"la-ciclista-mariana-pajon-es-nombrada-campeona-de-la-paz-y-el-desarrollo-sostenible-del-pnud-en-colombia","status":"publish","type":"post","link":"https:\/\/www.un.org\/sustainabledevelopment\/es\/2015\/06\/la-ciclista-mariana-pajon-es-nombrada-campeona-de-la-paz-y-el-desarrollo-sostenible-del-pnud-en-colombia\/","title":{"rendered":"La ciclista Mariana Paj\u00f3n es nombrada Campeona de la Paz y el Desarrollo Sostenible del PNUD en Colombia"},"content":{"rendered":"<p>4 de junio de 2015 \u2014 La campeona ol\u00edmpica colombiana y reina mundial del BMX, Mariana Paj\u00f3n, fue designada ayer Campeona de la Paz y el Desarrollo Sostenible del PNUD en Colombia, bajo la modalidad de Ä¢¹½ÊÓÆµDP Champion.<\/p>\n<p>En una sencilla ceremonia celebrada en la comunidad de Altos de la Florida de Soacha, en Cundinamarca, la ciclista recibi\u00f3 el acta de nombramiento de manos del coordinador residente y humanitario de las Naciones Unidas en Colombia, Fabrizio Hochschild y del director del PNUD, Arnaud Peral.<\/p>\n<p>Ambos funcionarios destacaron el esp\u00edritu de solidaridad, las iniciativas en favor de las personas que m\u00e1s lo necesitan y la disposici\u00f3n de la joven de 23 a\u00f1os, de ayudar a las personas, con pensamientos y acciones que reflejan el esp\u00edritu de las Naciones Unidas.<\/p>\n<blockquote><p>\u00abMariana es un ejemplo de sacrificio, de compromiso, de superaci\u00f3n para todos nosotros y en particular para la juventud. Con poco m\u00e1s de 20 a\u00f1os es parte de la \u00e9lite mundial de este deporte, habiendo alcanzado una hist\u00f3rica medalla de oro en los Juegos Ol\u00edmpicos y 16 t\u00edtulos mundiales\u00bb, dijo Hochschild.<\/p><\/blockquote>\n<p>El coordinador residente de la ONU expres\u00f3 sus esperanzas de que la deportista pueda ayudar a crear en Colombia un ambiente favorable a la paz, tomando en cuenta que demuestra que la pasi\u00f3n que siente por el deporte puede ser puesta tambi\u00e9n al servicio de una causa tan noble como la paz y el desarrollo sostenible.<\/p>\n<p>El director del PNUD destac\u00f3 por su parte el gran carisma y la labor social que ha emprendido Mariana Paj\u00f3n en su ciudad \u2013Medell\u00edn&#8211;y otros territorios con mensajes de construcci\u00f3n de paz desde la cotidianidad y campa\u00f1as de apoyo a las v\u00edctimas del conflicto y a personas en condici\u00f3n de pobreza a las que invita a \u00abpedalear por un sue\u00f1o\u00bb. <\/p>\n<p>Esto, m\u00e1s su f\u00e9rrea convicci\u00f3n de preservar nuestra biodiversidad, llev\u00f3 a designar a Mariana Paj\u00f3n como Ä¢¹½ÊÓÆµDP CHAMPION, en Colombia, la primera en esta categor\u00eda en el continente. <\/p>\n<p>Ella trabajar\u00e1 de la mano de Santiago Cruz, Embajador de Buena Voluntad del PNUD para la Superaci\u00f3n de la Pobreza y los Objetivos de Desarrollo del Milenio.<\/p>\n<p><a href=\"http:\/\/www.un.org\/spanish\/News\/story.asp?newsID=32519\" title=\"La ciclista Mariana Paj\u00f3n es nombrada Campeona de la Paz y el Desarrollo Sostenible del PNUD en Colombia\"><br \/>\nCentro de noticias de la ONU<\/a><\/p>\n","protected":false},"excerpt":{"rendered":"<p>4 de junio de 2015 \u2014 La campeona ol\u00edmpica colombiana  [&#8230;]<\/p>\n","protected":false},"author":37,"featured_media":2824,"comment_status":"closed","ping_status":"closed","sticky":false,"template":"","format":"standard","meta":{"_et_pb_use_builder":"","_et_pb_old_content":"","_et_gb_content_width":"","footnotes":""},"categories":[16,15,20],"tags":[],"class_list":["post-2821","post","type-post","status-publish","format-standard","has-post-thumbnail","hentry","category-news","category-mdgs","category-poverty"],"_links":{"self":[{"href":"https:\/\/www.un.org\/sustainabledevelopment\/es\/wp-json\/wp\/v2\/posts\/2821","targetHints":{"allow":["GET"]}}],"collection":[{"href":"https:\/\/www.un.org\/sustainabledevelopment\/es\/wp-json\/wp\/v2\/posts"}],"about":[{"href":"https:\/\/www.un.org\/sustainabledevelopment\/es\/wp-json\/wp\/v2\/types\/post"}],"author":[{"embeddable":true,"href":"https:\/\/www.un.org\/sustainabledevelopment\/es\/wp-json\/wp\/v2\/users\/37"}],"replies":[{"embeddable":true,"href":"https:\/\/www.un.org\/sustainabledevelopment\/es\/wp-json\/wp\/v2\/comments?post=2821"}],"version-history":[{"count":0,"href":"https:\/\/www.un.org\/sustainabledevelopment\/es\/wp-json\/wp\/v2\/posts\/2821\/revisions"}],"wp:featuredmedia":[{"embeddable":true,"href":"https:\/\/www.un.org\/sustainabledevelopment\/es\/wp-json\/wp\/v2\/media\/2824"}],"wp:attachment":[{"href":"https:\/\/www.un.org\/sustainabledevelopment\/es\/wp-json\/wp\/v2\/media?parent=2821"}],"wp:term":[{"taxonomy":"category","embeddable":true,"href":"https:\/\/www.un.org\/sustainabledevelopment\/es\/wp-json\/wp\/v2\/categories?post=2821"},{"taxonomy":"post_tag","embeddable":true,"href":"https:\/\/www.un.org\/sustainabledevelopment\/es\/wp-json\/wp\/v2\/tags?post=2821"}],"curies":[{"name":"wp","href":"https:\/\/api.w.org\/{rel}","templated":true}]}}