  {"id":2829,"date":"2015-06-04T17:17:56","date_gmt":"2015-06-04T21:17:56","guid":{"rendered":"http:\/\/www.un.org\/sustainabledevelopment\/es\/?p=2829"},"modified":"2017-11-13T16:02:42","modified_gmt":"2017-11-13T21:02:42","slug":"los-precios-de-los-alimentos-caen-en-mayo-a-su-nivel-mas-bajo-en-seis-anos","status":"publish","type":"post","link":"https:\/\/www.un.org\/sustainabledevelopment\/es\/2015\/06\/los-precios-de-los-alimentos-caen-en-mayo-a-su-nivel-mas-bajo-en-seis-anos\/","title":{"rendered":"Los precios de los alimentos caen en mayo a su nivel m\u00e1s bajo en seis a\u00f1os"},"content":{"rendered":"<p>4 de junio de 2015 \u2014 Los precios de los principales alimentos alcanzaron en mayo su nivel m\u00e1s bajo en casi seis a\u00f1os. El descenso se explica por una notable ca\u00edda en los precios de los cereales en medio de un panorama favorable para las cosechas de este a\u00f1o, inform\u00f3 hoy la Organizaci\u00f3n de Naciones Unidas para la Alimentaci\u00f3n y la Agricultura (FAO).<\/p>\n<p>En un comunicado de prensa, indic\u00f3 que numerosos pa\u00edses importadores est\u00e1n retrasando sus compras, otro motivo que explica el hundimiento de los precios.<\/p>\n<p>El \u00edndice de precios de la FAO registr\u00f3 un promedio de 166,8 puntos, un 20,7 por ciento menos respecto al a\u00f1o anterior.<\/p>\n<p>La FAO ha mejorado su previsi\u00f3n de mayo para la producci\u00f3n mundial de trigo, cereales y arroz, anunciando mayores cosechas en China y M\u00e9xico, as\u00ed como cosechas de trigo m\u00e1s abundantes en \u00c1frica y Am\u00e9rica del Norte.<\/p>\n<p>Sin embargo, Concepci\u00f3n Calpe, economista de la FAO, advierte sobre el impacto que el fen\u00f3meno climatol\u00f3gico de \u00abEl Ni\u00f1o\u00bb podr\u00eda tener en la producci\u00f3n en los pr\u00f3ximos meses.<\/p>\n<blockquote><p>\u00abSi bien El Ni\u00f1o no siempre tiene un impacto negativo, en ciertas regiones puede suponer un grave riesgo. Nos referimos principalmente al Sudeste Asi\u00e1tico. Tambi\u00e9n podr\u00eda tener un impacto negativo en Centroam\u00e9rica y el norte de Sudam\u00e9rica. As\u00ed que estos pa\u00edses deben mantener los ojos abiertos y seguir de cerca lo que est\u00e1 pasando\u00bb, recomend\u00f3 la experta.<\/p><\/blockquote>\n<p>La referencia es un \u00edndice ponderado a partir de los intercambios comerciales que hace el seguimiento de los precios de los cinco grupos principales de alimentos b\u00e1sicos en los mercados internacionales: cereales, carne, l\u00e1cteos, aceites vegetales y az\u00facar. En mayo, el \u00edndice alcanz\u00f3 su nivel m\u00e1s bajo desde septiembre de 2009.<\/p>\n<p><a href=\"http:\/\/www.un.org\/spanish\/News\/story.asp?newsID=32520\" title=\"Precios de los alimentos caen en mayo a su nivel m\u00e1s bajo en seis a\u00f1os\">Centro de noticias de la ONU<\/a><\/p>\n","protected":false},"excerpt":{"rendered":"<p>4 de junio de 2015 \u2014 Los precios de los  [&#8230;]<\/p>\n","protected":false},"author":37,"featured_media":2832,"comment_status":"closed","ping_status":"closed","sticky":false,"template":"","format":"standard","meta":{"_et_pb_use_builder":"","_et_pb_old_content":"","_et_gb_content_width":"","footnotes":""},"categories":[12,16],"tags":[],"class_list":["post-2829","post","type-post","status-publish","format-standard","has-post-thumbnail","hentry","category-hunger","category-news"],"_links":{"self":[{"href":"https:\/\/www.un.org\/sustainabledevelopment\/es\/wp-json\/wp\/v2\/posts\/2829","targetHints":{"allow":["GET"]}}],"collection":[{"href":"https:\/\/www.un.org\/sustainabledevelopment\/es\/wp-json\/wp\/v2\/posts"}],"about":[{"href":"https:\/\/www.un.org\/sustainabledevelopment\/es\/wp-json\/wp\/v2\/types\/post"}],"author":[{"embeddable":true,"href":"https:\/\/www.un.org\/sustainabledevelopment\/es\/wp-json\/wp\/v2\/users\/37"}],"replies":[{"embeddable":true,"href":"https:\/\/www.un.org\/sustainabledevelopment\/es\/wp-json\/wp\/v2\/comments?post=2829"}],"version-history":[{"count":0,"href":"https:\/\/www.un.org\/sustainabledevelopment\/es\/wp-json\/wp\/v2\/posts\/2829\/revisions"}],"wp:featuredmedia":[{"embeddable":true,"href":"https:\/\/www.un.org\/sustainabledevelopment\/es\/wp-json\/wp\/v2\/media\/2832"}],"wp:attachment":[{"href":"https:\/\/www.un.org\/sustainabledevelopment\/es\/wp-json\/wp\/v2\/media?parent=2829"}],"wp:term":[{"taxonomy":"category","embeddable":true,"href":"https:\/\/www.un.org\/sustainabledevelopment\/es\/wp-json\/wp\/v2\/categories?post=2829"},{"taxonomy":"post_tag","embeddable":true,"href":"https:\/\/www.un.org\/sustainabledevelopment\/es\/wp-json\/wp\/v2\/tags?post=2829"}],"curies":[{"name":"wp","href":"https:\/\/api.w.org\/{rel}","templated":true}]}}