  {"id":2881,"date":"2015-06-10T09:09:11","date_gmt":"2015-06-10T13:09:11","guid":{"rendered":"http:\/\/www.un.org\/sustainabledevelopment\/es\/?p=2881"},"modified":"2017-11-13T16:02:40","modified_gmt":"2017-11-13T21:02:40","slug":"la-onu-debate-sobre-la-inclusion-del-espacio-exterior-en-la-agenda-de-desarrollo-sostenible","status":"publish","type":"post","link":"https:\/\/www.un.org\/sustainabledevelopment\/es\/2015\/06\/la-onu-debate-sobre-la-inclusion-del-espacio-exterior-en-la-agenda-de-desarrollo-sostenible\/","title":{"rendered":"La ONU debate sobre la inclusi\u00f3n del espacio exterior en la agenda de desarrollo sostenible"},"content":{"rendered":"<p>10 de junio de 2015 \u2014 La 58\u00aa sesi\u00f3n de la Comisi\u00f3n sobre la Utilizaci\u00f3n del Espacio Ultraterrestre con Fines Pac\u00edficos se re\u00fane, a partir de hoy y hasta el 17 de junio, en la sede de Naciones Unidas en Viena, Austria.<\/p>\n<p>La Comisi\u00f3n centrar\u00e1 sus discusiones sobre el papel que desempe\u00f1ar\u00e1 el espacio exterior en la pr\u00f3xima agenda de desarrollo sostenible post 2015, as\u00ed como en el combate al cambio clim\u00e1tico.<\/p>\n<p>Por primera vez, esa instancia de la ONU, establecida por la Asamblea General en 1959 para gestionar la exploraci\u00f3n y utilizaci\u00f3n del espacio en beneficio de toda la humanidad, abordar\u00e1 el tema de la transparencia y las medidas de confianza acerca de esas actividades.<\/p>\n<p>Tambi\u00e9n discutir\u00e1 la seguridad de las operaciones de ese tipo y su sustentabilidad a largo plazo.<\/p>\n<p>En un evento paralelo, organizado por la delegaci\u00f3n de Francia, expertos en la materia se referir\u00e1n a la importancia de los sat\u00e9lites en el cambio clim\u00e1tico. El tema se refiere a c\u00f3mo esa tecnolog\u00eda lanzada al espacio ultraterrestre puede contribuir a entender el calentamiento global y ayudar a las sociedades a mitigar sus consecuencias.<\/p>\n<p>La Comisi\u00f3n tambi\u00e9n acoger\u00e1 como invitado especial al cosmonauta ruso Alexei Leonov, para conmemorar el 50 aniversario de la primera caminata espacial de un ser humano.<\/p>\n<p>El 18 de marzo de 1965, Leonov llev\u00f3 a cabo una actividad extra vehicular durante la misi\u00f3n Voskhod 2 para caminar 12 minutos en el espacio.<\/p>\n<p><a href=\"http:\/\/www.un.org\/spanish\/News\/story.asp?NewsID=32558\" title=\"La ONU debate sobre la inclusi\u00f3n del espacio exterior en la agenda de desarrollo sostenible\"><br \/>\nCentro de noticias de la ONU<\/a><\/p>\n","protected":false},"excerpt":{"rendered":"<p>10 de junio de 2015 \u2014 La 58\u00aa sesi\u00f3n de  [&#8230;]<\/p>\n","protected":false},"author":37,"featured_media":2884,"comment_status":"closed","ping_status":"closed","sticky":false,"template":"","format":"standard","meta":{"_et_pb_use_builder":"","_et_pb_old_content":"","_et_gb_content_width":"","footnotes":""},"categories":[5,16,33],"tags":[],"class_list":["post-2881","post","type-post","status-publish","format-standard","has-post-thumbnail","hentry","category-climate-change","category-news","category-programa-de-desarrollo-sostenible"],"_links":{"self":[{"href":"https:\/\/www.un.org\/sustainabledevelopment\/es\/wp-json\/wp\/v2\/posts\/2881","targetHints":{"allow":["GET"]}}],"collection":[{"href":"https:\/\/www.un.org\/sustainabledevelopment\/es\/wp-json\/wp\/v2\/posts"}],"about":[{"href":"https:\/\/www.un.org\/sustainabledevelopment\/es\/wp-json\/wp\/v2\/types\/post"}],"author":[{"embeddable":true,"href":"https:\/\/www.un.org\/sustainabledevelopment\/es\/wp-json\/wp\/v2\/users\/37"}],"replies":[{"embeddable":true,"href":"https:\/\/www.un.org\/sustainabledevelopment\/es\/wp-json\/wp\/v2\/comments?post=2881"}],"version-history":[{"count":0,"href":"https:\/\/www.un.org\/sustainabledevelopment\/es\/wp-json\/wp\/v2\/posts\/2881\/revisions"}],"wp:featuredmedia":[{"embeddable":true,"href":"https:\/\/www.un.org\/sustainabledevelopment\/es\/wp-json\/wp\/v2\/media\/2884"}],"wp:attachment":[{"href":"https:\/\/www.un.org\/sustainabledevelopment\/es\/wp-json\/wp\/v2\/media?parent=2881"}],"wp:term":[{"taxonomy":"category","embeddable":true,"href":"https:\/\/www.un.org\/sustainabledevelopment\/es\/wp-json\/wp\/v2\/categories?post=2881"},{"taxonomy":"post_tag","embeddable":true,"href":"https:\/\/www.un.org\/sustainabledevelopment\/es\/wp-json\/wp\/v2\/tags?post=2881"}],"curies":[{"name":"wp","href":"https:\/\/api.w.org\/{rel}","templated":true}]}}