  {"id":2926,"date":"2015-06-11T14:41:30","date_gmt":"2015-06-11T18:41:30","guid":{"rendered":"http:\/\/www.un.org\/sustainabledevelopment\/es\/?p=2926"},"modified":"2017-11-13T16:02:40","modified_gmt":"2017-11-13T21:02:40","slug":"erradicar-el-hambre-es-una-obligacion-que-no-puede-ser-descuidada-asegura-el-papa-francisco","status":"publish","type":"post","link":"https:\/\/www.un.org\/sustainabledevelopment\/es\/2015\/06\/erradicar-el-hambre-es-una-obligacion-que-no-puede-ser-descuidada-asegura-el-papa-francisco\/","title":{"rendered":"Erradicar el hambre es una obligaci\u00f3n que no puede ser descuidada, asegura el Papa Francisco"},"content":{"rendered":"<p>11 de junio de 2015 \u2014 El Papa Francisco solicit\u00f3 hoy a la comunidad internacional que responda al imperativo moral de que el acceso a los alimentos es un derecho para todos.<\/p>\n<p>Al hablar en el Vaticano a los delegados que asisten a la 39 Conferencia de la FAO, el Pont\u00edfice se\u00f1al\u00f3 la importancia de reducir los desperdicios de alimentos, educar a las personas para que adopten una dieta correcta y crear la solidaridad que permita alcanzar la seguridad alimentaria para todos.<\/p>\n<blockquote><p>\u00abSi todos los Estados miembros trabajan el uno por el otro, los consensos para la acci\u00f3n de la FAO no tardar\u00e1n en llegar\u00bb, asegur\u00f3 el l\u00edder mundial de la iglesia cat\u00f3lica. <\/p><\/blockquote>\n<p>\u00abPreocupan mucho las estad\u00edsticas sobre los residuos\u00bb, dijo al referirse a los datos de la FAO, seg\u00fan los cuales un tercio de los alimentos se pierde o se desperdicia.<\/p>\n<p>El Papa Francisco los inst\u00f3 a asumir con decisi\u00f3n el compromiso de modificar los estilos de vida para hacer un uso m\u00e1s sostenible de los recursos. \u00abLa sobriedad no se opone al desarrollo, sino que es una condici\u00f3n para el mismo\u00bb, indic\u00f3.<\/p>\n<p>Las proyecciones de la FAO calculan que para el a\u00f1o 2050, con 9.000 millones de personas en el planeta, la producci\u00f3n agr\u00edcola tiene que aumentar e incluso duplicarse.<\/p>\n<p><a href=\"http:\/\/www.un.org\/spanish\/News\/story.asp?NewsID=32578\" title=\"Erradicar el hambre es una obligaci\u00f3n que no puede ser descuidada, asegura el Papa Francisco\"><br \/>\nCentro de noticias de la ONU<\/a><\/p>\n","protected":false},"excerpt":{"rendered":"<p>11 de junio de 2015 \u2014 El Papa Francisco solicit\u00f3  [&#8230;]<\/p>\n","protected":false},"author":37,"featured_media":2929,"comment_status":"closed","ping_status":"closed","sticky":false,"template":"","format":"standard","meta":{"_et_pb_use_builder":"","_et_pb_old_content":"","_et_gb_content_width":"","footnotes":""},"categories":[12,16],"tags":[],"class_list":["post-2926","post","type-post","status-publish","format-standard","has-post-thumbnail","hentry","category-hunger","category-news"],"_links":{"self":[{"href":"https:\/\/www.un.org\/sustainabledevelopment\/es\/wp-json\/wp\/v2\/posts\/2926","targetHints":{"allow":["GET"]}}],"collection":[{"href":"https:\/\/www.un.org\/sustainabledevelopment\/es\/wp-json\/wp\/v2\/posts"}],"about":[{"href":"https:\/\/www.un.org\/sustainabledevelopment\/es\/wp-json\/wp\/v2\/types\/post"}],"author":[{"embeddable":true,"href":"https:\/\/www.un.org\/sustainabledevelopment\/es\/wp-json\/wp\/v2\/users\/37"}],"replies":[{"embeddable":true,"href":"https:\/\/www.un.org\/sustainabledevelopment\/es\/wp-json\/wp\/v2\/comments?post=2926"}],"version-history":[{"count":0,"href":"https:\/\/www.un.org\/sustainabledevelopment\/es\/wp-json\/wp\/v2\/posts\/2926\/revisions"}],"wp:featuredmedia":[{"embeddable":true,"href":"https:\/\/www.un.org\/sustainabledevelopment\/es\/wp-json\/wp\/v2\/media\/2929"}],"wp:attachment":[{"href":"https:\/\/www.un.org\/sustainabledevelopment\/es\/wp-json\/wp\/v2\/media?parent=2926"}],"wp:term":[{"taxonomy":"category","embeddable":true,"href":"https:\/\/www.un.org\/sustainabledevelopment\/es\/wp-json\/wp\/v2\/categories?post=2926"},{"taxonomy":"post_tag","embeddable":true,"href":"https:\/\/www.un.org\/sustainabledevelopment\/es\/wp-json\/wp\/v2\/tags?post=2926"}],"curies":[{"name":"wp","href":"https:\/\/api.w.org\/{rel}","templated":true}]}}