  {"id":3157,"date":"2015-06-29T14:12:58","date_gmt":"2015-06-29T18:12:58","guid":{"rendered":"http:\/\/www.un.org\/sustainabledevelopment\/es\/?p=3157"},"modified":"2017-11-13T16:02:34","modified_gmt":"2017-11-13T21:02:34","slug":"ban-aboga-por-acelerar-los-esfuerzos-contra-el-cambio-climatico","status":"publish","type":"post","link":"https:\/\/www.un.org\/sustainabledevelopment\/es\/2015\/06\/ban-aboga-por-acelerar-los-esfuerzos-contra-el-cambio-climatico\/","title":{"rendered":"Ban aboga por acelerar los esfuerzos contra el cambio clim\u00e1tico"},"content":{"rendered":"<p>29 de junio de 2015 \u2014 A cinco meses de la cumbre sobre el cambio clim\u00e1tico que se celebrar\u00e1 en Par\u00eds, el Secretario General de la ONU reconoci\u00f3 que las negociaciones para alcanzar un acuerdo final van demasiado lentas.<\/p>\n<p>En una reuni\u00f3n de alto nivel celebrada hoy en la Asamblea General, Ban Ki-moon pidi\u00f3 a los jefes de Estado y de Gobierno que gu\u00eden con claridad a sus negociadores y asuman una responsabilidad personal con el resultado que se alcance en la capital francesa en diciembre.<\/p>\n<blockquote><p>\n\u00abSi fracasamos estaremos condenando a nuestros hijos y nietos a un futuro de caos clim\u00e1tico. Si tenemos \u00e9xito, pondremos al mundo en un camino hacia una mayor estabilidad, mejor salud y econom\u00edas m\u00e1s fuertes que beneficiar\u00e1n a todos\u00bb, afirm\u00f3.<\/p><\/blockquote>\n<p>El Titular de la ONU opin\u00f3 que el pr\u00f3ximo acuerdo debe ofrecer una clara se\u00f1al a los gobiernos y mercados de que hay un compromiso con un futuro de baja emisi\u00f3n de carbono y debe ofrecer al sector privado un marco predecible para invertir en energ\u00eda limpia. <\/p>\n<p>Ban tambi\u00e9n estim\u00f3 que el nuevo pacto debe ser lo suficientemente flexible para que pueda incentivar e incorporar objetivos nacionales m\u00e1s ambiciosos, fundamentados en las evidencias cient\u00edficas.<\/p>\n<p>Asimismo, consider\u00f3 que los pa\u00edses desarrollados deben exponer con claridad c\u00f3mo van a ofrecer financiamiento para asistir a los pa\u00edses en desarrollo para que limiten sus emisiones y fortalezcan sus esfuerzos de mitigaci\u00f3n.<\/p>\n<p>Ban subray\u00f3 que el acuerdo sobre cambio clim\u00e1tico de Par\u00eds no ser\u00e1 el final del proceso, sino un momento cumbre de la forma en que el mundo, de manera colectiva, responda al reto m\u00e1s grande de nuestro tiempo.<\/p>\n<p><a href=\"http:\/\/www.unmultimedia.org\/radio\/spanish\/2015\/06\/los-jovenes-y-el-cambio-climatico\/#.VZKtf_lVhBc\" title=\"Los j\u00f3venes y el cambio clim\u00e1tico\"><br \/>\nLos j\u00f3venes y el cambio clim\u00e1tico<\/a><\/p>\n<p><a href=\"http:\/\/www.un.org\/spanish\/News\/story.asp?NewsID=32713\" title=\"Ban aboga por acelerar los esfuerzos contra el cambio clim\u00e1tico\"><br \/>\nCentro de noticias de la ONU<\/a><\/p>\n","protected":false},"excerpt":{"rendered":"<p>29 de junio de 2015 \u2014 A cinco meses de  [&#8230;]<\/p>\n","protected":false},"author":37,"featured_media":3166,"comment_status":"closed","ping_status":"closed","sticky":false,"template":"","format":"standard","meta":{"_et_pb_use_builder":"","_et_pb_old_content":"","_et_gb_content_width":"","footnotes":""},"categories":[18,5,8],"tags":[],"class_list":["post-3157","post","type-post","status-publish","format-standard","has-post-thumbnail","hentry","category-partnerships","category-climate-change","category-energy"],"_links":{"self":[{"href":"https:\/\/www.un.org\/sustainabledevelopment\/es\/wp-json\/wp\/v2\/posts\/3157","targetHints":{"allow":["GET"]}}],"collection":[{"href":"https:\/\/www.un.org\/sustainabledevelopment\/es\/wp-json\/wp\/v2\/posts"}],"about":[{"href":"https:\/\/www.un.org\/sustainabledevelopment\/es\/wp-json\/wp\/v2\/types\/post"}],"author":[{"embeddable":true,"href":"https:\/\/www.un.org\/sustainabledevelopment\/es\/wp-json\/wp\/v2\/users\/37"}],"replies":[{"embeddable":true,"href":"https:\/\/www.un.org\/sustainabledevelopment\/es\/wp-json\/wp\/v2\/comments?post=3157"}],"version-history":[{"count":0,"href":"https:\/\/www.un.org\/sustainabledevelopment\/es\/wp-json\/wp\/v2\/posts\/3157\/revisions"}],"wp:featuredmedia":[{"embeddable":true,"href":"https:\/\/www.un.org\/sustainabledevelopment\/es\/wp-json\/wp\/v2\/media\/3166"}],"wp:attachment":[{"href":"https:\/\/www.un.org\/sustainabledevelopment\/es\/wp-json\/wp\/v2\/media?parent=3157"}],"wp:term":[{"taxonomy":"category","embeddable":true,"href":"https:\/\/www.un.org\/sustainabledevelopment\/es\/wp-json\/wp\/v2\/categories?post=3157"},{"taxonomy":"post_tag","embeddable":true,"href":"https:\/\/www.un.org\/sustainabledevelopment\/es\/wp-json\/wp\/v2\/tags?post=3157"}],"curies":[{"name":"wp","href":"https:\/\/api.w.org\/{rel}","templated":true}]}}