  {"id":3193,"date":"2015-06-24T10:20:33","date_gmt":"2015-06-24T14:20:33","guid":{"rendered":"http:\/\/www.un.org\/sustainabledevelopment\/es\/?p=3193"},"modified":"2017-11-13T16:02:35","modified_gmt":"2017-11-13T21:02:35","slug":"brote-de-colera-amenaza-a-los-ninos-en-sudan-del-sur-advierte-unicef","status":"publish","type":"post","link":"https:\/\/www.un.org\/sustainabledevelopment\/es\/2015\/06\/brote-de-colera-amenaza-a-los-ninos-en-sudan-del-sur-advierte-unicef\/","title":{"rendered":"Brote de c\u00f3lera amenaza a los ni\u00f1os en Sud\u00e1n del Sur, advierte Ä¢¹½ÊÓÆµICEF"},"content":{"rendered":"<p>24 de junio de 2015 \u2014 Un brote de c\u00f3lera est\u00e1 amenazando a los ni\u00f1os de Sud\u00e1n del Sur, un pa\u00eds que ya se encuentra al borde de una crisis generalizada en medio del incesante conflicto armado y el desplazamiento de miles de personas, advirti\u00f3 hoy el Fondo de Naciones Unidas para la Infancia (Ä¢¹½ÊÓÆµICEF).<\/p>\n<p>Seg\u00fan la agencia, 18 personas, entre ellas dos ni\u00f1os de menos de 5 a\u00f1os, han muerto como consecuencia de la enfermedad. El primer caso fue reportado el 27 de mayo en Juba, la capital del pa\u00eds. Desde entonces, se han registrado 170 potenciales casos en la ciudad y alrededores.<\/p>\n<p>En un comunicado de prensa, el representante de Ä¢¹½ÊÓÆµICEF para Sud\u00e1n del Sur, Jonathan Veitch, advirti\u00f3 que a menos que se tomen medidas urgentes hasta 5.000 ni\u00f1os de menos de 5 a\u00f1os podr\u00edan morir de c\u00f3lera.<\/p>\n<p>El conflicto en Sud\u00e1n del Sur estall\u00f3 en diciembre de 2013 y se ha visto marcado por la brutal violencia contra la poblaci\u00f3n civil. Unas 120.000 personas se encuentran refugiadas en campamentos de la ONU. El Organismo calcula que el n\u00famero de personas que necesita asistencia en 2015 incluir\u00e1 unos 1,95 millones de desplazados y unos 293.000 refugiados.<\/p>\n<p>A medida que los enfrentamientos armados se han ido intensificando, m\u00e1s personas se han visto forzadas a abandonar sus hogares y refugiarse en campamentos hacinados, a menudo sin acceso a agua potable y en p\u00e9simas condiciones higi\u00e9nicas. Esto aumenta el riesgo de enfermedades y epidemias. El brote de c\u00f3lera de mayo de 2014 ya se cobr\u00f3 la vida de 167 personas antes de que las autoridades sanitarias pudieran controlarlo.<\/p>\n<p>Actualmente, Ä¢¹½ÊÓÆµICEF participa en una serie de intervenciones urgentes con el prop\u00f3sito de aumentar la conciencia sobre c\u00f3mo prevenir, detectar y tratar el c\u00f3lera mientras que las organizaciones comunitarias llevan a cabo una campa\u00f1a de puerta en puerta para brindar informaci\u00f3n vital a comunidades vulnerables. Para mantener estos esfuerzos, la agencia ha solicitado 4,6 millones de d\u00f3lares para financiar una respuesta de emergencia para los pr\u00f3ximos seis meses.<\/p>\n<blockquote><p>\u00abEs deplorable que una enfermedad tan f\u00e1cilmente prevenible destruya la vida de tantos ni\u00f1os\u00bb, se\u00f1al\u00f3 Veitch. \u00abÄ¢¹½ÊÓÆµICEF est\u00e1 trabajando con las comunidades para evitar la p\u00e9rdida de m\u00e1s vidas pero nos estamos quedando sin fondos\u00bb, advirti\u00f3.<\/p><\/blockquote>\n<p><a href=\"http:\/\/www.un.org\/spanish\/News\/story.asp?NewsID=32688\" title=\"Brote de c\u00f3lera amenaza a los ni\u00f1os en Sud\u00e1n del Sur, advierte Ä¢¹½ÊÓÆµICEF\"><br \/>\nCentro de noticias de la ONU<\/a><\/p>\n","protected":false},"excerpt":{"rendered":"<p>24 de junio de 2015 \u2014 Un brote de c\u00f3lera  [&#8230;]<\/p>\n","protected":false},"author":37,"featured_media":3196,"comment_status":"closed","ping_status":"closed","sticky":false,"template":"","format":"standard","meta":{"_et_pb_use_builder":"","_et_pb_old_content":"","_et_gb_content_width":"","footnotes":""},"categories":[16,11],"tags":[],"class_list":["post-3193","post","type-post","status-publish","format-standard","has-post-thumbnail","hentry","category-news","category-health"],"_links":{"self":[{"href":"https:\/\/www.un.org\/sustainabledevelopment\/es\/wp-json\/wp\/v2\/posts\/3193","targetHints":{"allow":["GET"]}}],"collection":[{"href":"https:\/\/www.un.org\/sustainabledevelopment\/es\/wp-json\/wp\/v2\/posts"}],"about":[{"href":"https:\/\/www.un.org\/sustainabledevelopment\/es\/wp-json\/wp\/v2\/types\/post"}],"author":[{"embeddable":true,"href":"https:\/\/www.un.org\/sustainabledevelopment\/es\/wp-json\/wp\/v2\/users\/37"}],"replies":[{"embeddable":true,"href":"https:\/\/www.un.org\/sustainabledevelopment\/es\/wp-json\/wp\/v2\/comments?post=3193"}],"version-history":[{"count":0,"href":"https:\/\/www.un.org\/sustainabledevelopment\/es\/wp-json\/wp\/v2\/posts\/3193\/revisions"}],"wp:featuredmedia":[{"embeddable":true,"href":"https:\/\/www.un.org\/sustainabledevelopment\/es\/wp-json\/wp\/v2\/media\/3196"}],"wp:attachment":[{"href":"https:\/\/www.un.org\/sustainabledevelopment\/es\/wp-json\/wp\/v2\/media?parent=3193"}],"wp:term":[{"taxonomy":"category","embeddable":true,"href":"https:\/\/www.un.org\/sustainabledevelopment\/es\/wp-json\/wp\/v2\/categories?post=3193"},{"taxonomy":"post_tag","embeddable":true,"href":"https:\/\/www.un.org\/sustainabledevelopment\/es\/wp-json\/wp\/v2\/tags?post=3193"}],"curies":[{"name":"wp","href":"https:\/\/api.w.org\/{rel}","templated":true}]}}